{"id":1412,"date":"2023-11-20T10:29:04","date_gmt":"2023-11-20T10:29:04","guid":{"rendered":"https:\/\/www.kein-alter-hut.de\/?p=1412"},"modified":"2023-11-20T11:59:15","modified_gmt":"2023-11-20T11:59:15","slug":"praevention-haeuslicher-gewalt-gegen-kinder","status":"publish","type":"post","link":"https:\/\/www.kein-alter-hut.de\/index.php\/2023\/11\/20\/praevention-haeuslicher-gewalt-gegen-kinder\/","title":{"rendered":"Pr\u00e4vention h\u00e4uslicher Gewalt gegen Kinder"},"content":{"rendered":"\n<p><strong>Infoabend zum internationalen Tag zur Beseitigung der Gewalt an Frauen<\/strong><\/p>\n\n\n<div class=\"wp-block-image\">\n<figure class=\"alignleft size-full is-resized\"><a href=\"https:\/\/www.kein-alter-hut.de\/wp-content\/uploads\/2023\/11\/1.jpg\"><img fetchpriority=\"high\" decoding=\"async\" width=\"1426\" height=\"2000\" src=\"https:\/\/www.kein-alter-hut.de\/wp-content\/uploads\/2023\/11\/1.jpg\" alt=\"\" class=\"wp-image-1413\" style=\"width:372px;height:auto\" srcset=\"https:\/\/www.kein-alter-hut.de\/wp-content\/uploads\/2023\/11\/1.jpg 1426w, https:\/\/www.kein-alter-hut.de\/wp-content\/uploads\/2023\/11\/1-214x300.jpg 214w, https:\/\/www.kein-alter-hut.de\/wp-content\/uploads\/2023\/11\/1-730x1024.jpg 730w, https:\/\/www.kein-alter-hut.de\/wp-content\/uploads\/2023\/11\/1-768x1077.jpg 768w, https:\/\/www.kein-alter-hut.de\/wp-content\/uploads\/2023\/11\/1-1095x1536.jpg 1095w\" sizes=\"(max-width: 1426px) 100vw, 1426px\" \/><\/a><\/figure>\n<\/div>\n\n\n<p>Info- und Gespr\u00e4chsabend mit Mitarbeiter:innen von BIG e.V. sowie Stadtrat Alexander Ewers, am<\/p>\n\n\n\n<p class=\"has-text-align-center\"><strong>24.November 2023, um 19 Uhr<br>im B\u00fcrgerb\u00fcro Sven Meyer, MdA<br>Gru\u00dfdorfstr. 16 in 13507 Berlin-Tegel<\/strong><\/p>\n\n\n\n<p>&#8222;<em>BIG Pr\u00e4vention ist eine Einrichtung, die im Kontext \u201eKinder und h\u00e4usliche Gewalt\u201c&nbsp; verschiedene Zielgruppen mit einem breiten Angebotsspektrum anspricht. Mit dem ganzheitlichen Ansatz werden alle wesentlichen Beteiligten aus dem Bereich Schule erreicht.&nbsp;<\/em><\/p>\n\n\n\n<p><em>Die Aufgaben von BIG Pr\u00e4vention liegen in der St\u00e4rkung und Aufkl\u00e4rung von M\u00e4dchen und Jungen, fokussieren auf die Sensibilisierung, Information und Qualifizierung von p\u00e4dagogischen Fachkr\u00e4ften und auf Elternarbeit.<\/em><\/p>\n\n\n\n<p><em>Fachwissen \u00fcber Kinder und h\u00e4usliche Gewalt &#8211; und in diesem Zusammenhang auch Kinderschutz &#8211; wird vermittelt, das Thema enttabuisiert sowie der Schutz f\u00fcr Kinder und deren M\u00fctter verbessert.<\/em>&#8222;<br>(<a href=\"https:\/\/www.big-praevention.de\" target=\"_blank\" rel=\"noreferrer noopener\">https:\/\/www.big-praevention.de<\/a>)<\/p>\n\n\n\n<p>Ich freue mich sehr, zu diesem leider unver\u00e4ndert dr\u00e4ngenden Thema Mitarbeiter von BIG e.V. f\u00fcr unsere Veranstaltung gewinnen zu k\u00f6nnen. Das eigene Zuhause ist immer noch der Ort, an dem Frauen das h\u00f6chste Risiko f\u00fcr Gewalterfahrungen haben. Gleicherma\u00dfen sind auch viele Kinder gerade hier Menschen ausgeliefert, die eigentlich kein anderes Ziel als deren Schutz kennen sollten.<\/p>\n\n\n\n<p>BIG e.V. wird diese gesellschaftliche Katastrophe nicht nur f\u00fcr uns fachlich analysieren; unsere Gespr\u00e4chsteilnehmer werden auch Handlungsvorschl\u00e4ge f\u00fcr die politisch Verantwortlichen geben, ebenso wie f\u00fcr jede und jeden von uns, was im Falle von vermuteter h\u00e4uslicher Gewalt zu tun ist.<\/p>\n\n\n\n<p>Gegen das Wegsehen &#8211; diskutieren Sie mit uns.<\/p>\n","protected":false},"excerpt":{"rendered":"<p>Infoabend zum internationalen Tag zur Beseitigung der Gewalt an Frauen Info- und Gespr\u00e4chsabend mit Mitarbeiter:innen von BIG e.V. sowie Stadtrat Alexander Ewers, am 24.November 2023, um 19 Uhrim B\u00fcrgerb\u00fcro Sven Meyer, MdAGru\u00dfdorfstr. 16 in&#46;&#46;&#46;<\/p>\n","protected":false},"author":1,"featured_media":1416,"comment_status":"open","ping_status":"closed","sticky":false,"template":"","format":"standard","meta":{"footnotes":""},"categories":[4],"tags":[],"class_list":["post-1412","post","type-post","status-publish","format-standard","has-post-thumbnail","hentry","category-allgemein"],"yoast_head":"<!-- This site is optimized with the Yoast SEO plugin v27.5 - https:\/\/yoast.com\/product\/yoast-seo-wordpress\/ -->\n<title>Pr\u00e4vention h\u00e4uslicher Gewalt gegen Kinder - Sven Meyer MdA<\/title>\n<meta name=\"robots\" content=\"index, follow, max-snippet:-1, max-image-preview:large, max-video-preview:-1\" \/>\n<link rel=\"canonical\" href=\"https:\/\/www.kein-alter-hut.de\/index.php\/2023\/11\/20\/praevention-haeuslicher-gewalt-gegen-kinder\/\" \/>\n<meta property=\"og:locale\" content=\"de_DE\" \/>\n<meta property=\"og:type\" content=\"article\" \/>\n<meta property=\"og:title\" content=\"Pr\u00e4vention h\u00e4uslicher Gewalt gegen Kinder - Sven Meyer MdA\" \/>\n<meta property=\"og:description\" content=\"Infoabend zum internationalen Tag zur Beseitigung der Gewalt an Frauen Info- und Gespr\u00e4chsabend mit Mitarbeiter:innen von BIG e.V. sowie Stadtrat Alexander Ewers, am 24.November 2023, um 19 Uhrim B\u00fcrgerb\u00fcro Sven Meyer, MdAGru\u00dfdorfstr. 16 in&#046;&#046;&#046;\" \/>\n<meta property=\"og:url\" content=\"https:\/\/www.kein-alter-hut.de\/index.php\/2023\/11\/20\/praevention-haeuslicher-gewalt-gegen-kinder\/\" \/>\n<meta property=\"og:site_name\" content=\"Sven Meyer MdA\" \/>\n<meta property=\"article:publisher\" content=\"https:\/\/www.facebook.com\/SvenMeyerReinickendorf\/\" \/>\n<meta property=\"article:published_time\" content=\"2023-11-20T10:29:04+00:00\" \/>\n<meta property=\"article:modified_time\" content=\"2023-11-20T11:59:15+00:00\" \/>\n<meta property=\"og:image\" content=\"https:\/\/www.kein-alter-hut.de\/wp-content\/uploads\/2023\/11\/Veranstaltung-BIG-e.V.-Facebook-Veranstaltung.jpg\" \/>\n\t<meta property=\"og:image:width\" content=\"1640\" \/>\n\t<meta property=\"og:image:height\" content=\"924\" \/>\n\t<meta property=\"og:image:type\" content=\"image\/jpeg\" \/>\n<meta name=\"author\" content=\"admin\" \/>\n<meta name=\"twitter:card\" content=\"summary_large_image\" \/>\n<meta name=\"twitter:label1\" content=\"Verfasst von\" \/>\n\t<meta name=\"twitter:data1\" content=\"admin\" \/>\n\t<meta name=\"twitter:label2\" content=\"Gesch\u00e4tzte Lesezeit\" \/>\n\t<meta name=\"twitter:data2\" content=\"2\u00a0Minuten\" \/>\n<script type=\"application\/ld+json\" class=\"yoast-schema-graph\">{\"@context\":\"https:\\\/\\\/schema.org\",\"@graph\":[{\"@type\":\"Article\",\"@id\":\"https:\\\/\\\/www.kein-alter-hut.de\\\/index.php\\\/2023\\\/11\\\/20\\\/praevention-haeuslicher-gewalt-gegen-kinder\\\/#article\",\"isPartOf\":{\"@id\":\"https:\\\/\\\/www.kein-alter-hut.de\\\/index.php\\\/2023\\\/11\\\/20\\\/praevention-haeuslicher-gewalt-gegen-kinder\\\/\"},\"author\":{\"name\":\"admin\",\"@id\":\"https:\\\/\\\/www.kein-alter-hut.de\\\/#\\\/schema\\\/person\\\/0e854002ba9ffda5baf08e0f9af0ce1c\"},\"headline\":\"Pr\u00e4vention h\u00e4uslicher Gewalt gegen Kinder\",\"datePublished\":\"2023-11-20T10:29:04+00:00\",\"dateModified\":\"2023-11-20T11:59:15+00:00\",\"mainEntityOfPage\":{\"@id\":\"https:\\\/\\\/www.kein-alter-hut.de\\\/index.php\\\/2023\\\/11\\\/20\\\/praevention-haeuslicher-gewalt-gegen-kinder\\\/\"},\"wordCount\":269,\"commentCount\":0,\"image\":{\"@id\":\"https:\\\/\\\/www.kein-alter-hut.de\\\/index.php\\\/2023\\\/11\\\/20\\\/praevention-haeuslicher-gewalt-gegen-kinder\\\/#primaryimage\"},\"thumbnailUrl\":\"https:\\\/\\\/www.kein-alter-hut.de\\\/wp-content\\\/uploads\\\/2023\\\/11\\\/Veranstaltung-BIG-e.V.-Facebook-Veranstaltung.jpg\",\"inLanguage\":\"de\",\"potentialAction\":[{\"@type\":\"CommentAction\",\"name\":\"Comment\",\"target\":[\"https:\\\/\\\/www.kein-alter-hut.de\\\/index.php\\\/2023\\\/11\\\/20\\\/praevention-haeuslicher-gewalt-gegen-kinder\\\/#respond\"]}]},{\"@type\":\"WebPage\",\"@id\":\"https:\\\/\\\/www.kein-alter-hut.de\\\/index.php\\\/2023\\\/11\\\/20\\\/praevention-haeuslicher-gewalt-gegen-kinder\\\/\",\"url\":\"https:\\\/\\\/www.kein-alter-hut.de\\\/index.php\\\/2023\\\/11\\\/20\\\/praevention-haeuslicher-gewalt-gegen-kinder\\\/\",\"name\":\"Pr\u00e4vention h\u00e4uslicher Gewalt gegen Kinder - Sven Meyer MdA\",\"isPartOf\":{\"@id\":\"https:\\\/\\\/www.kein-alter-hut.de\\\/#website\"},\"primaryImageOfPage\":{\"@id\":\"https:\\\/\\\/www.kein-alter-hut.de\\\/index.php\\\/2023\\\/11\\\/20\\\/praevention-haeuslicher-gewalt-gegen-kinder\\\/#primaryimage\"},\"image\":{\"@id\":\"https:\\\/\\\/www.kein-alter-hut.de\\\/index.php\\\/2023\\\/11\\\/20\\\/praevention-haeuslicher-gewalt-gegen-kinder\\\/#primaryimage\"},\"thumbnailUrl\":\"https:\\\/\\\/www.kein-alter-hut.de\\\/wp-content\\\/uploads\\\/2023\\\/11\\\/Veranstaltung-BIG-e.V.-Facebook-Veranstaltung.jpg\",\"datePublished\":\"2023-11-20T10:29:04+00:00\",\"dateModified\":\"2023-11-20T11:59:15+00:00\",\"author\":{\"@id\":\"https:\\\/\\\/www.kein-alter-hut.de\\\/#\\\/schema\\\/person\\\/0e854002ba9ffda5baf08e0f9af0ce1c\"},\"breadcrumb\":{\"@id\":\"https:\\\/\\\/www.kein-alter-hut.de\\\/index.php\\\/2023\\\/11\\\/20\\\/praevention-haeuslicher-gewalt-gegen-kinder\\\/#breadcrumb\"},\"inLanguage\":\"de\",\"potentialAction\":[{\"@type\":\"ReadAction\",\"target\":[\"https:\\\/\\\/www.kein-alter-hut.de\\\/index.php\\\/2023\\\/11\\\/20\\\/praevention-haeuslicher-gewalt-gegen-kinder\\\/\"]}]},{\"@type\":\"ImageObject\",\"inLanguage\":\"de\",\"@id\":\"https:\\\/\\\/www.kein-alter-hut.de\\\/index.php\\\/2023\\\/11\\\/20\\\/praevention-haeuslicher-gewalt-gegen-kinder\\\/#primaryimage\",\"url\":\"https:\\\/\\\/www.kein-alter-hut.de\\\/wp-content\\\/uploads\\\/2023\\\/11\\\/Veranstaltung-BIG-e.V.-Facebook-Veranstaltung.jpg\",\"contentUrl\":\"https:\\\/\\\/www.kein-alter-hut.de\\\/wp-content\\\/uploads\\\/2023\\\/11\\\/Veranstaltung-BIG-e.V.-Facebook-Veranstaltung.jpg\",\"width\":1640,\"height\":924},{\"@type\":\"BreadcrumbList\",\"@id\":\"https:\\\/\\\/www.kein-alter-hut.de\\\/index.php\\\/2023\\\/11\\\/20\\\/praevention-haeuslicher-gewalt-gegen-kinder\\\/#breadcrumb\",\"itemListElement\":[{\"@type\":\"ListItem\",\"position\":1,\"name\":\"Startseite\",\"item\":\"https:\\\/\\\/www.kein-alter-hut.de\\\/\"},{\"@type\":\"ListItem\",\"position\":2,\"name\":\"Pr\u00e4vention h\u00e4uslicher Gewalt gegen Kinder\"}]},{\"@type\":\"WebSite\",\"@id\":\"https:\\\/\\\/www.kein-alter-hut.de\\\/#website\",\"url\":\"https:\\\/\\\/www.kein-alter-hut.de\\\/\",\"name\":\"Sven Meyer MdA\",\"description\":\"Sven Meyer - Ihr Abgeordneter f\u00fcr Wittenau, Waidmannslust, Borsigwalde und Tegel\",\"potentialAction\":[{\"@type\":\"SearchAction\",\"target\":{\"@type\":\"EntryPoint\",\"urlTemplate\":\"https:\\\/\\\/www.kein-alter-hut.de\\\/?s={search_term_string}\"},\"query-input\":{\"@type\":\"PropertyValueSpecification\",\"valueRequired\":true,\"valueName\":\"search_term_string\"}}],\"inLanguage\":\"de\"},{\"@type\":\"Person\",\"@id\":\"https:\\\/\\\/www.kein-alter-hut.de\\\/#\\\/schema\\\/person\\\/0e854002ba9ffda5baf08e0f9af0ce1c\",\"name\":\"admin\",\"image\":{\"@type\":\"ImageObject\",\"inLanguage\":\"de\",\"@id\":\"https:\\\/\\\/secure.gravatar.com\\\/avatar\\\/c46849f5dee5060ebc9f63f2434fb89c496cdde2d971d8684cb05ccf66e9936c?s=96&d=mm&r=g\",\"url\":\"https:\\\/\\\/secure.gravatar.com\\\/avatar\\\/c46849f5dee5060ebc9f63f2434fb89c496cdde2d971d8684cb05ccf66e9936c?s=96&d=mm&r=g\",\"contentUrl\":\"https:\\\/\\\/secure.gravatar.com\\\/avatar\\\/c46849f5dee5060ebc9f63f2434fb89c496cdde2d971d8684cb05ccf66e9936c?s=96&d=mm&r=g\",\"caption\":\"admin\"},\"sameAs\":[\"https:\\\/\\\/www.kein-alter-hut.de\"],\"url\":\"https:\\\/\\\/www.kein-alter-hut.de\\\/index.php\\\/author\\\/sven\\\/\"}]}<\/script>\n<!-- \/ Yoast SEO plugin. -->","yoast_head_json":{"title":"Pr\u00e4vention h\u00e4uslicher Gewalt gegen Kinder - Sven Meyer MdA","robots":{"index":"index","follow":"follow","max-snippet":"max-snippet:-1","max-image-preview":"max-image-preview:large","max-video-preview":"max-video-preview:-1"},"canonical":"https:\/\/www.kein-alter-hut.de\/index.php\/2023\/11\/20\/praevention-haeuslicher-gewalt-gegen-kinder\/","og_locale":"de_DE","og_type":"article","og_title":"Pr\u00e4vention h\u00e4uslicher Gewalt gegen Kinder - Sven Meyer MdA","og_description":"Infoabend zum internationalen Tag zur Beseitigung der Gewalt an Frauen Info- und Gespr\u00e4chsabend mit Mitarbeiter:innen von BIG e.V. sowie Stadtrat Alexander Ewers, am 24.November 2023, um 19 Uhrim B\u00fcrgerb\u00fcro Sven Meyer, MdAGru\u00dfdorfstr. 16 in&#46;&#46;&#46;","og_url":"https:\/\/www.kein-alter-hut.de\/index.php\/2023\/11\/20\/praevention-haeuslicher-gewalt-gegen-kinder\/","og_site_name":"Sven Meyer MdA","article_publisher":"https:\/\/www.facebook.com\/SvenMeyerReinickendorf\/","article_published_time":"2023-11-20T10:29:04+00:00","article_modified_time":"2023-11-20T11:59:15+00:00","og_image":[{"width":1640,"height":924,"url":"https:\/\/www.kein-alter-hut.de\/wp-content\/uploads\/2023\/11\/Veranstaltung-BIG-e.V.-Facebook-Veranstaltung.jpg","type":"image\/jpeg"}],"author":"admin","twitter_card":"summary_large_image","twitter_misc":{"Verfasst von":"admin","Gesch\u00e4tzte Lesezeit":"2\u00a0Minuten"},"schema":{"@context":"https:\/\/schema.org","@graph":[{"@type":"Article","@id":"https:\/\/www.kein-alter-hut.de\/index.php\/2023\/11\/20\/praevention-haeuslicher-gewalt-gegen-kinder\/#article","isPartOf":{"@id":"https:\/\/www.kein-alter-hut.de\/index.php\/2023\/11\/20\/praevention-haeuslicher-gewalt-gegen-kinder\/"},"author":{"name":"admin","@id":"https:\/\/www.kein-alter-hut.de\/#\/schema\/person\/0e854002ba9ffda5baf08e0f9af0ce1c"},"headline":"Pr\u00e4vention h\u00e4uslicher Gewalt gegen Kinder","datePublished":"2023-11-20T10:29:04+00:00","dateModified":"2023-11-20T11:59:15+00:00","mainEntityOfPage":{"@id":"https:\/\/www.kein-alter-hut.de\/index.php\/2023\/11\/20\/praevention-haeuslicher-gewalt-gegen-kinder\/"},"wordCount":269,"commentCount":0,"image":{"@id":"https:\/\/www.kein-alter-hut.de\/index.php\/2023\/11\/20\/praevention-haeuslicher-gewalt-gegen-kinder\/#primaryimage"},"thumbnailUrl":"https:\/\/www.kein-alter-hut.de\/wp-content\/uploads\/2023\/11\/Veranstaltung-BIG-e.V.-Facebook-Veranstaltung.jpg","inLanguage":"de","potentialAction":[{"@type":"CommentAction","name":"Comment","target":["https:\/\/www.kein-alter-hut.de\/index.php\/2023\/11\/20\/praevention-haeuslicher-gewalt-gegen-kinder\/#respond"]}]},{"@type":"WebPage","@id":"https:\/\/www.kein-alter-hut.de\/index.php\/2023\/11\/20\/praevention-haeuslicher-gewalt-gegen-kinder\/","url":"https:\/\/www.kein-alter-hut.de\/index.php\/2023\/11\/20\/praevention-haeuslicher-gewalt-gegen-kinder\/","name":"Pr\u00e4vention h\u00e4uslicher Gewalt gegen Kinder - Sven Meyer MdA","isPartOf":{"@id":"https:\/\/www.kein-alter-hut.de\/#website"},"primaryImageOfPage":{"@id":"https:\/\/www.kein-alter-hut.de\/index.php\/2023\/11\/20\/praevention-haeuslicher-gewalt-gegen-kinder\/#primaryimage"},"image":{"@id":"https:\/\/www.kein-alter-hut.de\/index.php\/2023\/11\/20\/praevention-haeuslicher-gewalt-gegen-kinder\/#primaryimage"},"thumbnailUrl":"https:\/\/www.kein-alter-hut.de\/wp-content\/uploads\/2023\/11\/Veranstaltung-BIG-e.V.-Facebook-Veranstaltung.jpg","datePublished":"2023-11-20T10:29:04+00:00","dateModified":"2023-11-20T11:59:15+00:00","author":{"@id":"https:\/\/www.kein-alter-hut.de\/#\/schema\/person\/0e854002ba9ffda5baf08e0f9af0ce1c"},"breadcrumb":{"@id":"https:\/\/www.kein-alter-hut.de\/index.php\/2023\/11\/20\/praevention-haeuslicher-gewalt-gegen-kinder\/#breadcrumb"},"inLanguage":"de","potentialAction":[{"@type":"ReadAction","target":["https:\/\/www.kein-alter-hut.de\/index.php\/2023\/11\/20\/praevention-haeuslicher-gewalt-gegen-kinder\/"]}]},{"@type":"ImageObject","inLanguage":"de","@id":"https:\/\/www.kein-alter-hut.de\/index.php\/2023\/11\/20\/praevention-haeuslicher-gewalt-gegen-kinder\/#primaryimage","url":"https:\/\/www.kein-alter-hut.de\/wp-content\/uploads\/2023\/11\/Veranstaltung-BIG-e.V.-Facebook-Veranstaltung.jpg","contentUrl":"https:\/\/www.kein-alter-hut.de\/wp-content\/uploads\/2023\/11\/Veranstaltung-BIG-e.V.-Facebook-Veranstaltung.jpg","width":1640,"height":924},{"@type":"BreadcrumbList","@id":"https:\/\/www.kein-alter-hut.de\/index.php\/2023\/11\/20\/praevention-haeuslicher-gewalt-gegen-kinder\/#breadcrumb","itemListElement":[{"@type":"ListItem","position":1,"name":"Startseite","item":"https:\/\/www.kein-alter-hut.de\/"},{"@type":"ListItem","position":2,"name":"Pr\u00e4vention h\u00e4uslicher Gewalt gegen Kinder"}]},{"@type":"WebSite","@id":"https:\/\/www.kein-alter-hut.de\/#website","url":"https:\/\/www.kein-alter-hut.de\/","name":"Sven Meyer MdA","description":"Sven Meyer - Ihr Abgeordneter f\u00fcr Wittenau, Waidmannslust, Borsigwalde und Tegel","potentialAction":[{"@type":"SearchAction","target":{"@type":"EntryPoint","urlTemplate":"https:\/\/www.kein-alter-hut.de\/?s={search_term_string}"},"query-input":{"@type":"PropertyValueSpecification","valueRequired":true,"valueName":"search_term_string"}}],"inLanguage":"de"},{"@type":"Person","@id":"https:\/\/www.kein-alter-hut.de\/#\/schema\/person\/0e854002ba9ffda5baf08e0f9af0ce1c","name":"admin","image":{"@type":"ImageObject","inLanguage":"de","@id":"https:\/\/secure.gravatar.com\/avatar\/c46849f5dee5060ebc9f63f2434fb89c496cdde2d971d8684cb05ccf66e9936c?s=96&d=mm&r=g","url":"https:\/\/secure.gravatar.com\/avatar\/c46849f5dee5060ebc9f63f2434fb89c496cdde2d971d8684cb05ccf66e9936c?s=96&d=mm&r=g","contentUrl":"https:\/\/secure.gravatar.com\/avatar\/c46849f5dee5060ebc9f63f2434fb89c496cdde2d971d8684cb05ccf66e9936c?s=96&d=mm&r=g","caption":"admin"},"sameAs":["https:\/\/www.kein-alter-hut.de"],"url":"https:\/\/www.kein-alter-hut.de\/index.php\/author\/sven\/"}]}},"_links":{"self":[{"href":"https:\/\/www.kein-alter-hut.de\/index.php\/wp-json\/wp\/v2\/posts\/1412","targetHints":{"allow":["GET"]}}],"collection":[{"href":"https:\/\/www.kein-alter-hut.de\/index.php\/wp-json\/wp\/v2\/posts"}],"about":[{"href":"https:\/\/www.kein-alter-hut.de\/index.php\/wp-json\/wp\/v2\/types\/post"}],"author":[{"embeddable":true,"href":"https:\/\/www.kein-alter-hut.de\/index.php\/wp-json\/wp\/v2\/users\/1"}],"replies":[{"embeddable":true,"href":"https:\/\/www.kein-alter-hut.de\/index.php\/wp-json\/wp\/v2\/comments?post=1412"}],"version-history":[{"count":6,"href":"https:\/\/www.kein-alter-hut.de\/index.php\/wp-json\/wp\/v2\/posts\/1412\/revisions"}],"predecessor-version":[{"id":1434,"href":"https:\/\/www.kein-alter-hut.de\/index.php\/wp-json\/wp\/v2\/posts\/1412\/revisions\/1434"}],"wp:featuredmedia":[{"embeddable":true,"href":"https:\/\/www.kein-alter-hut.de\/index.php\/wp-json\/wp\/v2\/media\/1416"}],"wp:attachment":[{"href":"https:\/\/www.kein-alter-hut.de\/index.php\/wp-json\/wp\/v2\/media?parent=1412"}],"wp:term":[{"taxonomy":"category","embeddable":true,"href":"https:\/\/www.kein-alter-hut.de\/index.php\/wp-json\/wp\/v2\/categories?post=1412"},{"taxonomy":"post_tag","embeddable":true,"href":"https:\/\/www.kein-alter-hut.de\/index.php\/wp-json\/wp\/v2\/tags?post=1412"}],"curies":[{"name":"wp","href":"https:\/\/api.w.org\/{rel}","templated":true}]}}