{"id":1424,"date":"2023-11-20T11:29:25","date_gmt":"2023-11-20T11:29:25","guid":{"rendered":"https:\/\/www.kein-alter-hut.de\/?p=1424"},"modified":"2024-04-25T15:18:17","modified_gmt":"2024-04-25T15:18:17","slug":"buergerbefragung-die-auswertung","status":"publish","type":"post","link":"https:\/\/www.kein-alter-hut.de\/index.php\/2023\/11\/20\/buergerbefragung-die-auswertung\/","title":{"rendered":"B\u00fcrgerbefragung &#8211; die Auswertung"},"content":{"rendered":"\n<p><strong>Abschlussveranstaltung zu den Wochen der SPD in Borsigwalde<\/strong><\/p>\n\n\n<div class=\"wp-block-image\">\n<figure class=\"alignleft size-large is-resized\"><a href=\"https:\/\/www.kein-alter-hut.de\/wp-content\/uploads\/2023\/11\/IMG_20231120_120257_korr-scaled.jpg\"><img fetchpriority=\"high\" decoding=\"async\" width=\"728\" height=\"1024\" src=\"https:\/\/www.kein-alter-hut.de\/wp-content\/uploads\/2023\/11\/IMG_20231120_120257_korr-728x1024.jpg\" alt=\"\" class=\"wp-image-1426\" style=\"width:379px;height:auto\" srcset=\"https:\/\/www.kein-alter-hut.de\/wp-content\/uploads\/2023\/11\/IMG_20231120_120257_korr-728x1024.jpg 728w, https:\/\/www.kein-alter-hut.de\/wp-content\/uploads\/2023\/11\/IMG_20231120_120257_korr-213x300.jpg 213w, https:\/\/www.kein-alter-hut.de\/wp-content\/uploads\/2023\/11\/IMG_20231120_120257_korr-768x1081.jpg 768w, https:\/\/www.kein-alter-hut.de\/wp-content\/uploads\/2023\/11\/IMG_20231120_120257_korr-1091x1536.jpg 1091w, https:\/\/www.kein-alter-hut.de\/wp-content\/uploads\/2023\/11\/IMG_20231120_120257_korr-1455x2048.jpg 1455w, https:\/\/www.kein-alter-hut.de\/wp-content\/uploads\/2023\/11\/IMG_20231120_120257_korr-scaled.jpg 1819w\" sizes=\"(max-width: 728px) 100vw, 728px\" \/><\/a><\/figure>\n<\/div>\n\n\n<p>Regine Strelow und die Genoss:innen der Abteilung Borsigwalde\/Tegel-S\u00fcd haben in den letzten Wochen viele Gespr\u00e4che mit Borsigwalder:innen gef\u00fchrt, ihre Umfragezettel ausgewertet und die W\u00fcnsche und Vorstellungen f\u00fcr den Kiez diskutiert. Jetzt ist die Zeit, diese Ergebnisse mit Ihnen zu er\u00f6rtern, um gemeinsam Ideen zu entwickeln, wie man diese oft interessanten und kreativen, teilweise regelrecht faszinierenden und v\u00f6llig \u00fcberraschenden Vorschl\u00e4ge f\u00fcr ein noch lebenswerteres Borsigwalde umsetzen kann.<\/p>\n\n\n\n<p>Kommen Sie am <\/p>\n\n\n\n<p class=\"has-text-align-center has-vivid-red-color has-text-color has-link-color wp-elements-0d0acf906a12619d9b201dfca892f1b6\"><strong>23.November 2023 um 19 Uhr<br>in die Kath. Kirchengemeinde Allerheiligen<br>R\u00e4uschstr. 18-20 in 13509 Berlin<\/strong><\/p>\n\n\n\n<p>und diskutieren Sie mit uns die Ergebnisse Ihrer Befragung und Ideen.<\/p>\n","protected":false},"excerpt":{"rendered":"<p>Abschlussveranstaltung zu den Wochen der SPD in Borsigwalde Regine Strelow und die Genoss:innen der Abteilung Borsigwalde\/Tegel-S\u00fcd haben in den letzten Wochen viele Gespr\u00e4che mit Borsigwalder:innen gef\u00fchrt, ihre Umfragezettel ausgewertet und die W\u00fcnsche und Vorstellungen&#46;&#46;&#46;<\/p>\n","protected":false},"author":1,"featured_media":1131,"comment_status":"open","ping_status":"closed","sticky":false,"template":"","format":"standard","meta":{"footnotes":""},"categories":[7],"tags":[],"class_list":["post-1424","post","type-post","status-publish","format-standard","has-post-thumbnail","hentry","category-borsigwalde"],"yoast_head":"<!-- This site is optimized with the Yoast SEO plugin v27.5 - https:\/\/yoast.com\/product\/yoast-seo-wordpress\/ -->\n<title>B\u00fcrgerbefragung - die Auswertung - Sven Meyer MdA<\/title>\n<meta name=\"robots\" content=\"index, follow, max-snippet:-1, max-image-preview:large, max-video-preview:-1\" \/>\n<link rel=\"canonical\" href=\"https:\/\/www.kein-alter-hut.de\/index.php\/2023\/11\/20\/buergerbefragung-die-auswertung\/\" \/>\n<meta property=\"og:locale\" content=\"de_DE\" \/>\n<meta property=\"og:type\" content=\"article\" \/>\n<meta property=\"og:title\" content=\"B\u00fcrgerbefragung - die Auswertung - Sven Meyer MdA\" \/>\n<meta property=\"og:description\" content=\"Abschlussveranstaltung zu den Wochen der SPD in Borsigwalde Regine Strelow und die Genoss:innen der Abteilung Borsigwalde\/Tegel-S\u00fcd haben in den letzten Wochen viele Gespr\u00e4che mit Borsigwalder:innen gef\u00fchrt, ihre Umfragezettel ausgewertet und die W\u00fcnsche und Vorstellungen&#046;&#046;&#046;\" \/>\n<meta property=\"og:url\" content=\"https:\/\/www.kein-alter-hut.de\/index.php\/2023\/11\/20\/buergerbefragung-die-auswertung\/\" \/>\n<meta property=\"og:site_name\" content=\"Sven Meyer MdA\" \/>\n<meta property=\"article:publisher\" content=\"https:\/\/www.facebook.com\/SvenMeyerReinickendorf\/\" \/>\n<meta property=\"article:published_time\" content=\"2023-11-20T11:29:25+00:00\" \/>\n<meta property=\"article:modified_time\" content=\"2024-04-25T15:18:17+00:00\" \/>\n<meta property=\"og:image\" content=\"https:\/\/www.kein-alter-hut.de\/wp-content\/uploads\/2023\/08\/Raeusch_15_Street_Ensemble-1.png\" \/>\n\t<meta property=\"og:image:width\" content=\"1024\" \/>\n\t<meta property=\"og:image:height\" content=\"733\" \/>\n\t<meta property=\"og:image:type\" content=\"image\/png\" \/>\n<meta name=\"author\" content=\"admin\" \/>\n<meta name=\"twitter:card\" content=\"summary_large_image\" \/>\n<meta name=\"twitter:label1\" content=\"Verfasst von\" \/>\n\t<meta name=\"twitter:data1\" content=\"admin\" \/>\n\t<meta name=\"twitter:label2\" content=\"Gesch\u00e4tzte Lesezeit\" \/>\n\t<meta name=\"twitter:data2\" content=\"1\u00a0Minute\" \/>\n<script type=\"application\/ld+json\" class=\"yoast-schema-graph\">{\"@context\":\"https:\\\/\\\/schema.org\",\"@graph\":[{\"@type\":\"Article\",\"@id\":\"https:\\\/\\\/www.kein-alter-hut.de\\\/index.php\\\/2023\\\/11\\\/20\\\/buergerbefragung-die-auswertung\\\/#article\",\"isPartOf\":{\"@id\":\"https:\\\/\\\/www.kein-alter-hut.de\\\/index.php\\\/2023\\\/11\\\/20\\\/buergerbefragung-die-auswertung\\\/\"},\"author\":{\"name\":\"admin\",\"@id\":\"https:\\\/\\\/www.kein-alter-hut.de\\\/#\\\/schema\\\/person\\\/0e854002ba9ffda5baf08e0f9af0ce1c\"},\"headline\":\"B\u00fcrgerbefragung &#8211; die Auswertung\",\"datePublished\":\"2023-11-20T11:29:25+00:00\",\"dateModified\":\"2024-04-25T15:18:17+00:00\",\"mainEntityOfPage\":{\"@id\":\"https:\\\/\\\/www.kein-alter-hut.de\\\/index.php\\\/2023\\\/11\\\/20\\\/buergerbefragung-die-auswertung\\\/\"},\"wordCount\":116,\"commentCount\":0,\"image\":{\"@id\":\"https:\\\/\\\/www.kein-alter-hut.de\\\/index.php\\\/2023\\\/11\\\/20\\\/buergerbefragung-die-auswertung\\\/#primaryimage\"},\"thumbnailUrl\":\"https:\\\/\\\/www.kein-alter-hut.de\\\/wp-content\\\/uploads\\\/2023\\\/08\\\/Raeusch_15_Street_Ensemble-1.png\",\"articleSection\":[\"Borsigwalde\"],\"inLanguage\":\"de\",\"potentialAction\":[{\"@type\":\"CommentAction\",\"name\":\"Comment\",\"target\":[\"https:\\\/\\\/www.kein-alter-hut.de\\\/index.php\\\/2023\\\/11\\\/20\\\/buergerbefragung-die-auswertung\\\/#respond\"]}]},{\"@type\":\"WebPage\",\"@id\":\"https:\\\/\\\/www.kein-alter-hut.de\\\/index.php\\\/2023\\\/11\\\/20\\\/buergerbefragung-die-auswertung\\\/\",\"url\":\"https:\\\/\\\/www.kein-alter-hut.de\\\/index.php\\\/2023\\\/11\\\/20\\\/buergerbefragung-die-auswertung\\\/\",\"name\":\"B\u00fcrgerbefragung - die Auswertung - Sven Meyer MdA\",\"isPartOf\":{\"@id\":\"https:\\\/\\\/www.kein-alter-hut.de\\\/#website\"},\"primaryImageOfPage\":{\"@id\":\"https:\\\/\\\/www.kein-alter-hut.de\\\/index.php\\\/2023\\\/11\\\/20\\\/buergerbefragung-die-auswertung\\\/#primaryimage\"},\"image\":{\"@id\":\"https:\\\/\\\/www.kein-alter-hut.de\\\/index.php\\\/2023\\\/11\\\/20\\\/buergerbefragung-die-auswertung\\\/#primaryimage\"},\"thumbnailUrl\":\"https:\\\/\\\/www.kein-alter-hut.de\\\/wp-content\\\/uploads\\\/2023\\\/08\\\/Raeusch_15_Street_Ensemble-1.png\",\"datePublished\":\"2023-11-20T11:29:25+00:00\",\"dateModified\":\"2024-04-25T15:18:17+00:00\",\"author\":{\"@id\":\"https:\\\/\\\/www.kein-alter-hut.de\\\/#\\\/schema\\\/person\\\/0e854002ba9ffda5baf08e0f9af0ce1c\"},\"breadcrumb\":{\"@id\":\"https:\\\/\\\/www.kein-alter-hut.de\\\/index.php\\\/2023\\\/11\\\/20\\\/buergerbefragung-die-auswertung\\\/#breadcrumb\"},\"inLanguage\":\"de\",\"potentialAction\":[{\"@type\":\"ReadAction\",\"target\":[\"https:\\\/\\\/www.kein-alter-hut.de\\\/index.php\\\/2023\\\/11\\\/20\\\/buergerbefragung-die-auswertung\\\/\"]}]},{\"@type\":\"ImageObject\",\"inLanguage\":\"de\",\"@id\":\"https:\\\/\\\/www.kein-alter-hut.de\\\/index.php\\\/2023\\\/11\\\/20\\\/buergerbefragung-die-auswertung\\\/#primaryimage\",\"url\":\"https:\\\/\\\/www.kein-alter-hut.de\\\/wp-content\\\/uploads\\\/2023\\\/08\\\/Raeusch_15_Street_Ensemble-1.png\",\"contentUrl\":\"https:\\\/\\\/www.kein-alter-hut.de\\\/wp-content\\\/uploads\\\/2023\\\/08\\\/Raeusch_15_Street_Ensemble-1.png\",\"width\":1024,\"height\":733},{\"@type\":\"BreadcrumbList\",\"@id\":\"https:\\\/\\\/www.kein-alter-hut.de\\\/index.php\\\/2023\\\/11\\\/20\\\/buergerbefragung-die-auswertung\\\/#breadcrumb\",\"itemListElement\":[{\"@type\":\"ListItem\",\"position\":1,\"name\":\"Startseite\",\"item\":\"https:\\\/\\\/www.kein-alter-hut.de\\\/\"},{\"@type\":\"ListItem\",\"position\":2,\"name\":\"B\u00fcrgerbefragung &#8211; die Auswertung\"}]},{\"@type\":\"WebSite\",\"@id\":\"https:\\\/\\\/www.kein-alter-hut.de\\\/#website\",\"url\":\"https:\\\/\\\/www.kein-alter-hut.de\\\/\",\"name\":\"Sven Meyer MdA\",\"description\":\"Sven Meyer - Ihr Abgeordneter f\u00fcr Wittenau, Waidmannslust, Borsigwalde und Tegel\",\"potentialAction\":[{\"@type\":\"SearchAction\",\"target\":{\"@type\":\"EntryPoint\",\"urlTemplate\":\"https:\\\/\\\/www.kein-alter-hut.de\\\/?s={search_term_string}\"},\"query-input\":{\"@type\":\"PropertyValueSpecification\",\"valueRequired\":true,\"valueName\":\"search_term_string\"}}],\"inLanguage\":\"de\"},{\"@type\":\"Person\",\"@id\":\"https:\\\/\\\/www.kein-alter-hut.de\\\/#\\\/schema\\\/person\\\/0e854002ba9ffda5baf08e0f9af0ce1c\",\"name\":\"admin\",\"image\":{\"@type\":\"ImageObject\",\"inLanguage\":\"de\",\"@id\":\"https:\\\/\\\/secure.gravatar.com\\\/avatar\\\/c46849f5dee5060ebc9f63f2434fb89c496cdde2d971d8684cb05ccf66e9936c?s=96&d=mm&r=g\",\"url\":\"https:\\\/\\\/secure.gravatar.com\\\/avatar\\\/c46849f5dee5060ebc9f63f2434fb89c496cdde2d971d8684cb05ccf66e9936c?s=96&d=mm&r=g\",\"contentUrl\":\"https:\\\/\\\/secure.gravatar.com\\\/avatar\\\/c46849f5dee5060ebc9f63f2434fb89c496cdde2d971d8684cb05ccf66e9936c?s=96&d=mm&r=g\",\"caption\":\"admin\"},\"sameAs\":[\"https:\\\/\\\/www.kein-alter-hut.de\"],\"url\":\"https:\\\/\\\/www.kein-alter-hut.de\\\/index.php\\\/author\\\/sven\\\/\"}]}<\/script>\n<!-- \/ Yoast SEO plugin. -->","yoast_head_json":{"title":"B\u00fcrgerbefragung - die Auswertung - Sven Meyer MdA","robots":{"index":"index","follow":"follow","max-snippet":"max-snippet:-1","max-image-preview":"max-image-preview:large","max-video-preview":"max-video-preview:-1"},"canonical":"https:\/\/www.kein-alter-hut.de\/index.php\/2023\/11\/20\/buergerbefragung-die-auswertung\/","og_locale":"de_DE","og_type":"article","og_title":"B\u00fcrgerbefragung - die Auswertung - Sven Meyer MdA","og_description":"Abschlussveranstaltung zu den Wochen der SPD in Borsigwalde Regine Strelow und die Genoss:innen der Abteilung Borsigwalde\/Tegel-S\u00fcd haben in den letzten Wochen viele Gespr\u00e4che mit Borsigwalder:innen gef\u00fchrt, ihre Umfragezettel ausgewertet und die W\u00fcnsche und Vorstellungen&#46;&#46;&#46;","og_url":"https:\/\/www.kein-alter-hut.de\/index.php\/2023\/11\/20\/buergerbefragung-die-auswertung\/","og_site_name":"Sven Meyer MdA","article_publisher":"https:\/\/www.facebook.com\/SvenMeyerReinickendorf\/","article_published_time":"2023-11-20T11:29:25+00:00","article_modified_time":"2024-04-25T15:18:17+00:00","og_image":[{"width":1024,"height":733,"url":"https:\/\/www.kein-alter-hut.de\/wp-content\/uploads\/2023\/08\/Raeusch_15_Street_Ensemble-1.png","type":"image\/png"}],"author":"admin","twitter_card":"summary_large_image","twitter_misc":{"Verfasst von":"admin","Gesch\u00e4tzte Lesezeit":"1\u00a0Minute"},"schema":{"@context":"https:\/\/schema.org","@graph":[{"@type":"Article","@id":"https:\/\/www.kein-alter-hut.de\/index.php\/2023\/11\/20\/buergerbefragung-die-auswertung\/#article","isPartOf":{"@id":"https:\/\/www.kein-alter-hut.de\/index.php\/2023\/11\/20\/buergerbefragung-die-auswertung\/"},"author":{"name":"admin","@id":"https:\/\/www.kein-alter-hut.de\/#\/schema\/person\/0e854002ba9ffda5baf08e0f9af0ce1c"},"headline":"B\u00fcrgerbefragung &#8211; die Auswertung","datePublished":"2023-11-20T11:29:25+00:00","dateModified":"2024-04-25T15:18:17+00:00","mainEntityOfPage":{"@id":"https:\/\/www.kein-alter-hut.de\/index.php\/2023\/11\/20\/buergerbefragung-die-auswertung\/"},"wordCount":116,"commentCount":0,"image":{"@id":"https:\/\/www.kein-alter-hut.de\/index.php\/2023\/11\/20\/buergerbefragung-die-auswertung\/#primaryimage"},"thumbnailUrl":"https:\/\/www.kein-alter-hut.de\/wp-content\/uploads\/2023\/08\/Raeusch_15_Street_Ensemble-1.png","articleSection":["Borsigwalde"],"inLanguage":"de","potentialAction":[{"@type":"CommentAction","name":"Comment","target":["https:\/\/www.kein-alter-hut.de\/index.php\/2023\/11\/20\/buergerbefragung-die-auswertung\/#respond"]}]},{"@type":"WebPage","@id":"https:\/\/www.kein-alter-hut.de\/index.php\/2023\/11\/20\/buergerbefragung-die-auswertung\/","url":"https:\/\/www.kein-alter-hut.de\/index.php\/2023\/11\/20\/buergerbefragung-die-auswertung\/","name":"B\u00fcrgerbefragung - die Auswertung - Sven Meyer MdA","isPartOf":{"@id":"https:\/\/www.kein-alter-hut.de\/#website"},"primaryImageOfPage":{"@id":"https:\/\/www.kein-alter-hut.de\/index.php\/2023\/11\/20\/buergerbefragung-die-auswertung\/#primaryimage"},"image":{"@id":"https:\/\/www.kein-alter-hut.de\/index.php\/2023\/11\/20\/buergerbefragung-die-auswertung\/#primaryimage"},"thumbnailUrl":"https:\/\/www.kein-alter-hut.de\/wp-content\/uploads\/2023\/08\/Raeusch_15_Street_Ensemble-1.png","datePublished":"2023-11-20T11:29:25+00:00","dateModified":"2024-04-25T15:18:17+00:00","author":{"@id":"https:\/\/www.kein-alter-hut.de\/#\/schema\/person\/0e854002ba9ffda5baf08e0f9af0ce1c"},"breadcrumb":{"@id":"https:\/\/www.kein-alter-hut.de\/index.php\/2023\/11\/20\/buergerbefragung-die-auswertung\/#breadcrumb"},"inLanguage":"de","potentialAction":[{"@type":"ReadAction","target":["https:\/\/www.kein-alter-hut.de\/index.php\/2023\/11\/20\/buergerbefragung-die-auswertung\/"]}]},{"@type":"ImageObject","inLanguage":"de","@id":"https:\/\/www.kein-alter-hut.de\/index.php\/2023\/11\/20\/buergerbefragung-die-auswertung\/#primaryimage","url":"https:\/\/www.kein-alter-hut.de\/wp-content\/uploads\/2023\/08\/Raeusch_15_Street_Ensemble-1.png","contentUrl":"https:\/\/www.kein-alter-hut.de\/wp-content\/uploads\/2023\/08\/Raeusch_15_Street_Ensemble-1.png","width":1024,"height":733},{"@type":"BreadcrumbList","@id":"https:\/\/www.kein-alter-hut.de\/index.php\/2023\/11\/20\/buergerbefragung-die-auswertung\/#breadcrumb","itemListElement":[{"@type":"ListItem","position":1,"name":"Startseite","item":"https:\/\/www.kein-alter-hut.de\/"},{"@type":"ListItem","position":2,"name":"B\u00fcrgerbefragung &#8211; die Auswertung"}]},{"@type":"WebSite","@id":"https:\/\/www.kein-alter-hut.de\/#website","url":"https:\/\/www.kein-alter-hut.de\/","name":"Sven Meyer MdA","description":"Sven Meyer - Ihr Abgeordneter f\u00fcr Wittenau, Waidmannslust, Borsigwalde und Tegel","potentialAction":[{"@type":"SearchAction","target":{"@type":"EntryPoint","urlTemplate":"https:\/\/www.kein-alter-hut.de\/?s={search_term_string}"},"query-input":{"@type":"PropertyValueSpecification","valueRequired":true,"valueName":"search_term_string"}}],"inLanguage":"de"},{"@type":"Person","@id":"https:\/\/www.kein-alter-hut.de\/#\/schema\/person\/0e854002ba9ffda5baf08e0f9af0ce1c","name":"admin","image":{"@type":"ImageObject","inLanguage":"de","@id":"https:\/\/secure.gravatar.com\/avatar\/c46849f5dee5060ebc9f63f2434fb89c496cdde2d971d8684cb05ccf66e9936c?s=96&d=mm&r=g","url":"https:\/\/secure.gravatar.com\/avatar\/c46849f5dee5060ebc9f63f2434fb89c496cdde2d971d8684cb05ccf66e9936c?s=96&d=mm&r=g","contentUrl":"https:\/\/secure.gravatar.com\/avatar\/c46849f5dee5060ebc9f63f2434fb89c496cdde2d971d8684cb05ccf66e9936c?s=96&d=mm&r=g","caption":"admin"},"sameAs":["https:\/\/www.kein-alter-hut.de"],"url":"https:\/\/www.kein-alter-hut.de\/index.php\/author\/sven\/"}]}},"_links":{"self":[{"href":"https:\/\/www.kein-alter-hut.de\/index.php\/wp-json\/wp\/v2\/posts\/1424","targetHints":{"allow":["GET"]}}],"collection":[{"href":"https:\/\/www.kein-alter-hut.de\/index.php\/wp-json\/wp\/v2\/posts"}],"about":[{"href":"https:\/\/www.kein-alter-hut.de\/index.php\/wp-json\/wp\/v2\/types\/post"}],"author":[{"embeddable":true,"href":"https:\/\/www.kein-alter-hut.de\/index.php\/wp-json\/wp\/v2\/users\/1"}],"replies":[{"embeddable":true,"href":"https:\/\/www.kein-alter-hut.de\/index.php\/wp-json\/wp\/v2\/comments?post=1424"}],"version-history":[{"count":6,"href":"https:\/\/www.kein-alter-hut.de\/index.php\/wp-json\/wp\/v2\/posts\/1424\/revisions"}],"predecessor-version":[{"id":1432,"href":"https:\/\/www.kein-alter-hut.de\/index.php\/wp-json\/wp\/v2\/posts\/1424\/revisions\/1432"}],"wp:featuredmedia":[{"embeddable":true,"href":"https:\/\/www.kein-alter-hut.de\/index.php\/wp-json\/wp\/v2\/media\/1131"}],"wp:attachment":[{"href":"https:\/\/www.kein-alter-hut.de\/index.php\/wp-json\/wp\/v2\/media?parent=1424"}],"wp:term":[{"taxonomy":"category","embeddable":true,"href":"https:\/\/www.kein-alter-hut.de\/index.php\/wp-json\/wp\/v2\/categories?post=1424"},{"taxonomy":"post_tag","embeddable":true,"href":"https:\/\/www.kein-alter-hut.de\/index.php\/wp-json\/wp\/v2\/tags?post=1424"}],"curies":[{"name":"wp","href":"https:\/\/api.w.org\/{rel}","templated":true}]}}