{"id":1470,"date":"2023-12-07T13:58:24","date_gmt":"2023-12-07T13:58:24","guid":{"rendered":"https:\/\/www.kein-alter-hut.de\/?p=1470"},"modified":"2024-04-25T15:17:02","modified_gmt":"2024-04-25T15:17:02","slug":"am-ende-der-geduld","status":"publish","type":"post","link":"https:\/\/www.kein-alter-hut.de\/index.php\/2023\/12\/07\/am-ende-der-geduld\/","title":{"rendered":"Am Ende der Geduld"},"content":{"rendered":"\n<p><strong>Infobrief zur Situation in den Rollbergen<\/strong><\/p>\n\n\n<div class=\"wp-block-image\">\n<figure class=\"alignleft size-large is-resized\"><a href=\"https:\/\/www.kein-alter-hut.de\/wp-content\/uploads\/2023\/12\/Flyer-A5_Rollberge-Am-Ende-der-Geduld-154-x-216-mm.pdf\"><img fetchpriority=\"high\" decoding=\"async\" width=\"1024\" height=\"719\" src=\"https:\/\/www.kein-alter-hut.de\/wp-content\/uploads\/2023\/12\/1-1024x719.jpg\" alt=\"\" class=\"wp-image-1566\" style=\"width:426px;height:auto\" srcset=\"https:\/\/www.kein-alter-hut.de\/wp-content\/uploads\/2023\/12\/1-1024x719.jpg 1024w, https:\/\/www.kein-alter-hut.de\/wp-content\/uploads\/2023\/12\/1-300x211.jpg 300w, https:\/\/www.kein-alter-hut.de\/wp-content\/uploads\/2023\/12\/1-768x539.jpg 768w, https:\/\/www.kein-alter-hut.de\/wp-content\/uploads\/2023\/12\/1-1536x1078.jpg 1536w, https:\/\/www.kein-alter-hut.de\/wp-content\/uploads\/2023\/12\/1-2048x1437.jpg 2048w\" sizes=\"(max-width: 1024px) 100vw, 1024px\" \/><\/a><figcaption class=\"wp-element-caption\">xr:d:DAFzwlccwNo:73,j:647803997511527567,t:23120713<\/figcaption><\/figure>\n<\/div>\n\n\n<p>Die <a href=\"https:\/\/www.kein-alter-hut.de\/wp-content\/uploads\/2023\/12\/Flyer-A5_Rollberge-Info-154-x-216-mm-1.pdf\" target=\"_blank\" rel=\"noreferrer noopener\">1.Sonderausgabe (\u2192 Link<\/a><a href=\"https:\/\/www.kein-alter-hut.de\/wp-content\/uploads\/2023\/12\/Flyer-A5_Rollberge-Am-Ende-der-Geduld-154-x-216-mm.pdf\" target=\"_blank\" rel=\"noreferrer noopener\">)<\/a> meines Infobriefes besch\u00e4ftigt sich fast zwangsl\u00e4ufig mit den Rollbergen. In den vergangenen anderthalb Jahren traf ich dort so viele kluge, engagierte, faszinierende Menschen, die sich f\u00fcr einen Kiez einsetzen, der medial oft nur als die Anh\u00e4ufung seiner Probleme wahrgenommen wird. Mietervertreter:innen, Quatiersmanager:innen, Mitarbeiter:innen bei sozialen Tr\u00e4gern, Lehrer:innen und Erzieher:innen, Polizeibeamt:innen: sie alle arbeiten jeden Tag daran, diese Siedlung f\u00fcr Ihre Bewohner:innen wieder ein St\u00fcck lebenswerter zu machen.<\/p>\n\n\n\n<p>In meinen zahllosen Gespr\u00e4chen kristallisierte sich bald heraus, dass es einen Hemmschuh gibt, der diese Bem\u00fchungen konsequent konterkariert. Fahrst\u00fchle und Heizungen, die nicht funktionieren (von energetischer Sanierung gar nicht zu sprechen); M\u00fcllberge, die nur tageweise verschwinden; Autowracks, die nicht einmal das tun; ein Hausmeisterservice, der den Namen nicht verdient: all dies liegt in der Verantwortung der GEWOBAG, die dieser Verantwortung in keiner Weise gerecht wird.<\/p>\n\n\n\n<p>Wird diese Verwaltung doch vertreten durch ein Management, das sich schon dem Gespr\u00e4ch mit den Mieter:innen wie den politisch Verantwortlichen verweigert; die Geduld der Anwohner:innen ist genauso zu Ende wie meine. Ich werde dem Vorstand der GEWOBAG zuk\u00fcnftig keine Ruhe mehr lassen, bis die Forderungen der Mieter:innen nach festen erreichbaren Ansprechpartnern vor Ort und der Vorlage eines schon l\u00e4ngst ausstehenden Sanierungskonzepts erf\u00fcllt sind.<\/p>\n\n\n\n<p>Die Bewohner:innen hatten viel zu lange das Gef\u00fchl, mit ihren Problemen alleine gelassen zu sein. Aber sie stehen nicht mehr allein.<\/p>\n","protected":false},"excerpt":{"rendered":"<p>Infobrief zur Situation in den Rollbergen Die 1.Sonderausgabe (\u2192 Link) meines Infobriefes besch\u00e4ftigt sich fast zwangsl\u00e4ufig mit den Rollbergen. In den vergangenen anderthalb Jahren traf ich dort so viele kluge, engagierte, faszinierende Menschen, die&#46;&#46;&#46;<\/p>\n","protected":false},"author":1,"featured_media":1572,"comment_status":"open","ping_status":"closed","sticky":false,"template":"","format":"standard","meta":{"footnotes":""},"categories":[9],"tags":[],"class_list":["post-1470","post","type-post","status-publish","format-standard","has-post-thumbnail","hentry","category-rollberge"],"yoast_head":"<!-- This site is optimized with the Yoast SEO plugin v27.5 - https:\/\/yoast.com\/product\/yoast-seo-wordpress\/ -->\n<title>Am Ende der Geduld - Sven Meyer MdA<\/title>\n<meta name=\"robots\" content=\"index, follow, max-snippet:-1, max-image-preview:large, max-video-preview:-1\" \/>\n<link rel=\"canonical\" href=\"https:\/\/www.kein-alter-hut.de\/index.php\/2023\/12\/07\/am-ende-der-geduld\/\" \/>\n<meta property=\"og:locale\" content=\"de_DE\" \/>\n<meta property=\"og:type\" content=\"article\" \/>\n<meta property=\"og:title\" content=\"Am Ende der Geduld - Sven Meyer MdA\" \/>\n<meta property=\"og:description\" content=\"Infobrief zur Situation in den Rollbergen Die 1.Sonderausgabe (\u2192 Link) meines Infobriefes besch\u00e4ftigt sich fast zwangsl\u00e4ufig mit den Rollbergen. In den vergangenen anderthalb Jahren traf ich dort so viele kluge, engagierte, faszinierende Menschen, die&#046;&#046;&#046;\" \/>\n<meta property=\"og:url\" content=\"https:\/\/www.kein-alter-hut.de\/index.php\/2023\/12\/07\/am-ende-der-geduld\/\" \/>\n<meta property=\"og:site_name\" content=\"Sven Meyer MdA\" \/>\n<meta property=\"article:publisher\" content=\"https:\/\/www.facebook.com\/SvenMeyerReinickendorf\/\" \/>\n<meta property=\"article:published_time\" content=\"2023-12-07T13:58:24+00:00\" \/>\n<meta property=\"article:modified_time\" content=\"2024-04-25T15:17:02+00:00\" \/>\n<meta property=\"og:image\" content=\"https:\/\/www.kein-alter-hut.de\/wp-content\/uploads\/2023\/11\/1_klein-1.jpg\" \/>\n\t<meta property=\"og:image:width\" content=\"1350\" \/>\n\t<meta property=\"og:image:height\" content=\"352\" \/>\n\t<meta property=\"og:image:type\" content=\"image\/jpeg\" \/>\n<meta name=\"author\" content=\"admin\" \/>\n<meta name=\"twitter:card\" content=\"summary_large_image\" \/>\n<meta name=\"twitter:label1\" content=\"Verfasst von\" \/>\n\t<meta name=\"twitter:data1\" content=\"admin\" \/>\n\t<meta name=\"twitter:label2\" content=\"Gesch\u00e4tzte Lesezeit\" \/>\n\t<meta name=\"twitter:data2\" content=\"2\u00a0Minuten\" \/>\n<script type=\"application\/ld+json\" class=\"yoast-schema-graph\">{\"@context\":\"https:\\\/\\\/schema.org\",\"@graph\":[{\"@type\":\"Article\",\"@id\":\"https:\\\/\\\/www.kein-alter-hut.de\\\/index.php\\\/2023\\\/12\\\/07\\\/am-ende-der-geduld\\\/#article\",\"isPartOf\":{\"@id\":\"https:\\\/\\\/www.kein-alter-hut.de\\\/index.php\\\/2023\\\/12\\\/07\\\/am-ende-der-geduld\\\/\"},\"author\":{\"name\":\"admin\",\"@id\":\"https:\\\/\\\/www.kein-alter-hut.de\\\/#\\\/schema\\\/person\\\/0e854002ba9ffda5baf08e0f9af0ce1c\"},\"headline\":\"Am Ende der Geduld\",\"datePublished\":\"2023-12-07T13:58:24+00:00\",\"dateModified\":\"2024-04-25T15:17:02+00:00\",\"mainEntityOfPage\":{\"@id\":\"https:\\\/\\\/www.kein-alter-hut.de\\\/index.php\\\/2023\\\/12\\\/07\\\/am-ende-der-geduld\\\/\"},\"wordCount\":261,\"commentCount\":0,\"image\":{\"@id\":\"https:\\\/\\\/www.kein-alter-hut.de\\\/index.php\\\/2023\\\/12\\\/07\\\/am-ende-der-geduld\\\/#primaryimage\"},\"thumbnailUrl\":\"https:\\\/\\\/www.kein-alter-hut.de\\\/wp-content\\\/uploads\\\/2023\\\/11\\\/1_klein-1.jpg\",\"articleSection\":[\"Rollberge\"],\"inLanguage\":\"de\",\"potentialAction\":[{\"@type\":\"CommentAction\",\"name\":\"Comment\",\"target\":[\"https:\\\/\\\/www.kein-alter-hut.de\\\/index.php\\\/2023\\\/12\\\/07\\\/am-ende-der-geduld\\\/#respond\"]}]},{\"@type\":\"WebPage\",\"@id\":\"https:\\\/\\\/www.kein-alter-hut.de\\\/index.php\\\/2023\\\/12\\\/07\\\/am-ende-der-geduld\\\/\",\"url\":\"https:\\\/\\\/www.kein-alter-hut.de\\\/index.php\\\/2023\\\/12\\\/07\\\/am-ende-der-geduld\\\/\",\"name\":\"Am Ende der Geduld - Sven Meyer MdA\",\"isPartOf\":{\"@id\":\"https:\\\/\\\/www.kein-alter-hut.de\\\/#website\"},\"primaryImageOfPage\":{\"@id\":\"https:\\\/\\\/www.kein-alter-hut.de\\\/index.php\\\/2023\\\/12\\\/07\\\/am-ende-der-geduld\\\/#primaryimage\"},\"image\":{\"@id\":\"https:\\\/\\\/www.kein-alter-hut.de\\\/index.php\\\/2023\\\/12\\\/07\\\/am-ende-der-geduld\\\/#primaryimage\"},\"thumbnailUrl\":\"https:\\\/\\\/www.kein-alter-hut.de\\\/wp-content\\\/uploads\\\/2023\\\/11\\\/1_klein-1.jpg\",\"datePublished\":\"2023-12-07T13:58:24+00:00\",\"dateModified\":\"2024-04-25T15:17:02+00:00\",\"author\":{\"@id\":\"https:\\\/\\\/www.kein-alter-hut.de\\\/#\\\/schema\\\/person\\\/0e854002ba9ffda5baf08e0f9af0ce1c\"},\"breadcrumb\":{\"@id\":\"https:\\\/\\\/www.kein-alter-hut.de\\\/index.php\\\/2023\\\/12\\\/07\\\/am-ende-der-geduld\\\/#breadcrumb\"},\"inLanguage\":\"de\",\"potentialAction\":[{\"@type\":\"ReadAction\",\"target\":[\"https:\\\/\\\/www.kein-alter-hut.de\\\/index.php\\\/2023\\\/12\\\/07\\\/am-ende-der-geduld\\\/\"]}]},{\"@type\":\"ImageObject\",\"inLanguage\":\"de\",\"@id\":\"https:\\\/\\\/www.kein-alter-hut.de\\\/index.php\\\/2023\\\/12\\\/07\\\/am-ende-der-geduld\\\/#primaryimage\",\"url\":\"https:\\\/\\\/www.kein-alter-hut.de\\\/wp-content\\\/uploads\\\/2023\\\/11\\\/1_klein-1.jpg\",\"contentUrl\":\"https:\\\/\\\/www.kein-alter-hut.de\\\/wp-content\\\/uploads\\\/2023\\\/11\\\/1_klein-1.jpg\",\"width\":1350,\"height\":352,\"caption\":\"xr:d:DAFzwlccwNo:73,j:647803997511527567,t:23120713\"},{\"@type\":\"BreadcrumbList\",\"@id\":\"https:\\\/\\\/www.kein-alter-hut.de\\\/index.php\\\/2023\\\/12\\\/07\\\/am-ende-der-geduld\\\/#breadcrumb\",\"itemListElement\":[{\"@type\":\"ListItem\",\"position\":1,\"name\":\"Startseite\",\"item\":\"https:\\\/\\\/www.kein-alter-hut.de\\\/\"},{\"@type\":\"ListItem\",\"position\":2,\"name\":\"Am Ende der Geduld\"}]},{\"@type\":\"WebSite\",\"@id\":\"https:\\\/\\\/www.kein-alter-hut.de\\\/#website\",\"url\":\"https:\\\/\\\/www.kein-alter-hut.de\\\/\",\"name\":\"Sven Meyer MdA\",\"description\":\"Sven Meyer - Ihr Abgeordneter f\u00fcr Wittenau, Waidmannslust, Borsigwalde und Tegel\",\"potentialAction\":[{\"@type\":\"SearchAction\",\"target\":{\"@type\":\"EntryPoint\",\"urlTemplate\":\"https:\\\/\\\/www.kein-alter-hut.de\\\/?s={search_term_string}\"},\"query-input\":{\"@type\":\"PropertyValueSpecification\",\"valueRequired\":true,\"valueName\":\"search_term_string\"}}],\"inLanguage\":\"de\"},{\"@type\":\"Person\",\"@id\":\"https:\\\/\\\/www.kein-alter-hut.de\\\/#\\\/schema\\\/person\\\/0e854002ba9ffda5baf08e0f9af0ce1c\",\"name\":\"admin\",\"image\":{\"@type\":\"ImageObject\",\"inLanguage\":\"de\",\"@id\":\"https:\\\/\\\/secure.gravatar.com\\\/avatar\\\/c46849f5dee5060ebc9f63f2434fb89c496cdde2d971d8684cb05ccf66e9936c?s=96&d=mm&r=g\",\"url\":\"https:\\\/\\\/secure.gravatar.com\\\/avatar\\\/c46849f5dee5060ebc9f63f2434fb89c496cdde2d971d8684cb05ccf66e9936c?s=96&d=mm&r=g\",\"contentUrl\":\"https:\\\/\\\/secure.gravatar.com\\\/avatar\\\/c46849f5dee5060ebc9f63f2434fb89c496cdde2d971d8684cb05ccf66e9936c?s=96&d=mm&r=g\",\"caption\":\"admin\"},\"sameAs\":[\"https:\\\/\\\/www.kein-alter-hut.de\"],\"url\":\"https:\\\/\\\/www.kein-alter-hut.de\\\/index.php\\\/author\\\/sven\\\/\"}]}<\/script>\n<!-- \/ Yoast SEO plugin. -->","yoast_head_json":{"title":"Am Ende der Geduld - Sven Meyer MdA","robots":{"index":"index","follow":"follow","max-snippet":"max-snippet:-1","max-image-preview":"max-image-preview:large","max-video-preview":"max-video-preview:-1"},"canonical":"https:\/\/www.kein-alter-hut.de\/index.php\/2023\/12\/07\/am-ende-der-geduld\/","og_locale":"de_DE","og_type":"article","og_title":"Am Ende der Geduld - Sven Meyer MdA","og_description":"Infobrief zur Situation in den Rollbergen Die 1.Sonderausgabe (\u2192 Link) meines Infobriefes besch\u00e4ftigt sich fast zwangsl\u00e4ufig mit den Rollbergen. In den vergangenen anderthalb Jahren traf ich dort so viele kluge, engagierte, faszinierende Menschen, die&#46;&#46;&#46;","og_url":"https:\/\/www.kein-alter-hut.de\/index.php\/2023\/12\/07\/am-ende-der-geduld\/","og_site_name":"Sven Meyer MdA","article_publisher":"https:\/\/www.facebook.com\/SvenMeyerReinickendorf\/","article_published_time":"2023-12-07T13:58:24+00:00","article_modified_time":"2024-04-25T15:17:02+00:00","og_image":[{"width":1350,"height":352,"url":"https:\/\/www.kein-alter-hut.de\/wp-content\/uploads\/2023\/11\/1_klein-1.jpg","type":"image\/jpeg"}],"author":"admin","twitter_card":"summary_large_image","twitter_misc":{"Verfasst von":"admin","Gesch\u00e4tzte Lesezeit":"2\u00a0Minuten"},"schema":{"@context":"https:\/\/schema.org","@graph":[{"@type":"Article","@id":"https:\/\/www.kein-alter-hut.de\/index.php\/2023\/12\/07\/am-ende-der-geduld\/#article","isPartOf":{"@id":"https:\/\/www.kein-alter-hut.de\/index.php\/2023\/12\/07\/am-ende-der-geduld\/"},"author":{"name":"admin","@id":"https:\/\/www.kein-alter-hut.de\/#\/schema\/person\/0e854002ba9ffda5baf08e0f9af0ce1c"},"headline":"Am Ende der Geduld","datePublished":"2023-12-07T13:58:24+00:00","dateModified":"2024-04-25T15:17:02+00:00","mainEntityOfPage":{"@id":"https:\/\/www.kein-alter-hut.de\/index.php\/2023\/12\/07\/am-ende-der-geduld\/"},"wordCount":261,"commentCount":0,"image":{"@id":"https:\/\/www.kein-alter-hut.de\/index.php\/2023\/12\/07\/am-ende-der-geduld\/#primaryimage"},"thumbnailUrl":"https:\/\/www.kein-alter-hut.de\/wp-content\/uploads\/2023\/11\/1_klein-1.jpg","articleSection":["Rollberge"],"inLanguage":"de","potentialAction":[{"@type":"CommentAction","name":"Comment","target":["https:\/\/www.kein-alter-hut.de\/index.php\/2023\/12\/07\/am-ende-der-geduld\/#respond"]}]},{"@type":"WebPage","@id":"https:\/\/www.kein-alter-hut.de\/index.php\/2023\/12\/07\/am-ende-der-geduld\/","url":"https:\/\/www.kein-alter-hut.de\/index.php\/2023\/12\/07\/am-ende-der-geduld\/","name":"Am Ende der Geduld - Sven Meyer MdA","isPartOf":{"@id":"https:\/\/www.kein-alter-hut.de\/#website"},"primaryImageOfPage":{"@id":"https:\/\/www.kein-alter-hut.de\/index.php\/2023\/12\/07\/am-ende-der-geduld\/#primaryimage"},"image":{"@id":"https:\/\/www.kein-alter-hut.de\/index.php\/2023\/12\/07\/am-ende-der-geduld\/#primaryimage"},"thumbnailUrl":"https:\/\/www.kein-alter-hut.de\/wp-content\/uploads\/2023\/11\/1_klein-1.jpg","datePublished":"2023-12-07T13:58:24+00:00","dateModified":"2024-04-25T15:17:02+00:00","author":{"@id":"https:\/\/www.kein-alter-hut.de\/#\/schema\/person\/0e854002ba9ffda5baf08e0f9af0ce1c"},"breadcrumb":{"@id":"https:\/\/www.kein-alter-hut.de\/index.php\/2023\/12\/07\/am-ende-der-geduld\/#breadcrumb"},"inLanguage":"de","potentialAction":[{"@type":"ReadAction","target":["https:\/\/www.kein-alter-hut.de\/index.php\/2023\/12\/07\/am-ende-der-geduld\/"]}]},{"@type":"ImageObject","inLanguage":"de","@id":"https:\/\/www.kein-alter-hut.de\/index.php\/2023\/12\/07\/am-ende-der-geduld\/#primaryimage","url":"https:\/\/www.kein-alter-hut.de\/wp-content\/uploads\/2023\/11\/1_klein-1.jpg","contentUrl":"https:\/\/www.kein-alter-hut.de\/wp-content\/uploads\/2023\/11\/1_klein-1.jpg","width":1350,"height":352,"caption":"xr:d:DAFzwlccwNo:73,j:647803997511527567,t:23120713"},{"@type":"BreadcrumbList","@id":"https:\/\/www.kein-alter-hut.de\/index.php\/2023\/12\/07\/am-ende-der-geduld\/#breadcrumb","itemListElement":[{"@type":"ListItem","position":1,"name":"Startseite","item":"https:\/\/www.kein-alter-hut.de\/"},{"@type":"ListItem","position":2,"name":"Am Ende der Geduld"}]},{"@type":"WebSite","@id":"https:\/\/www.kein-alter-hut.de\/#website","url":"https:\/\/www.kein-alter-hut.de\/","name":"Sven Meyer MdA","description":"Sven Meyer - Ihr Abgeordneter f\u00fcr Wittenau, Waidmannslust, Borsigwalde und Tegel","potentialAction":[{"@type":"SearchAction","target":{"@type":"EntryPoint","urlTemplate":"https:\/\/www.kein-alter-hut.de\/?s={search_term_string}"},"query-input":{"@type":"PropertyValueSpecification","valueRequired":true,"valueName":"search_term_string"}}],"inLanguage":"de"},{"@type":"Person","@id":"https:\/\/www.kein-alter-hut.de\/#\/schema\/person\/0e854002ba9ffda5baf08e0f9af0ce1c","name":"admin","image":{"@type":"ImageObject","inLanguage":"de","@id":"https:\/\/secure.gravatar.com\/avatar\/c46849f5dee5060ebc9f63f2434fb89c496cdde2d971d8684cb05ccf66e9936c?s=96&d=mm&r=g","url":"https:\/\/secure.gravatar.com\/avatar\/c46849f5dee5060ebc9f63f2434fb89c496cdde2d971d8684cb05ccf66e9936c?s=96&d=mm&r=g","contentUrl":"https:\/\/secure.gravatar.com\/avatar\/c46849f5dee5060ebc9f63f2434fb89c496cdde2d971d8684cb05ccf66e9936c?s=96&d=mm&r=g","caption":"admin"},"sameAs":["https:\/\/www.kein-alter-hut.de"],"url":"https:\/\/www.kein-alter-hut.de\/index.php\/author\/sven\/"}]}},"_links":{"self":[{"href":"https:\/\/www.kein-alter-hut.de\/index.php\/wp-json\/wp\/v2\/posts\/1470","targetHints":{"allow":["GET"]}}],"collection":[{"href":"https:\/\/www.kein-alter-hut.de\/index.php\/wp-json\/wp\/v2\/posts"}],"about":[{"href":"https:\/\/www.kein-alter-hut.de\/index.php\/wp-json\/wp\/v2\/types\/post"}],"author":[{"embeddable":true,"href":"https:\/\/www.kein-alter-hut.de\/index.php\/wp-json\/wp\/v2\/users\/1"}],"replies":[{"embeddable":true,"href":"https:\/\/www.kein-alter-hut.de\/index.php\/wp-json\/wp\/v2\/comments?post=1470"}],"version-history":[{"count":9,"href":"https:\/\/www.kein-alter-hut.de\/index.php\/wp-json\/wp\/v2\/posts\/1470\/revisions"}],"predecessor-version":[{"id":1571,"href":"https:\/\/www.kein-alter-hut.de\/index.php\/wp-json\/wp\/v2\/posts\/1470\/revisions\/1571"}],"wp:featuredmedia":[{"embeddable":true,"href":"https:\/\/www.kein-alter-hut.de\/index.php\/wp-json\/wp\/v2\/media\/1572"}],"wp:attachment":[{"href":"https:\/\/www.kein-alter-hut.de\/index.php\/wp-json\/wp\/v2\/media?parent=1470"}],"wp:term":[{"taxonomy":"category","embeddable":true,"href":"https:\/\/www.kein-alter-hut.de\/index.php\/wp-json\/wp\/v2\/categories?post=1470"},{"taxonomy":"post_tag","embeddable":true,"href":"https:\/\/www.kein-alter-hut.de\/index.php\/wp-json\/wp\/v2\/tags?post=1470"}],"curies":[{"name":"wp","href":"https:\/\/api.w.org\/{rel}","templated":true}]}}