{"id":185,"date":"2022-10-16T13:39:00","date_gmt":"2022-10-16T13:39:00","guid":{"rendered":"https:\/\/www.kein-alter-hut.de\/?p=185"},"modified":"2022-11-08T09:24:45","modified_gmt":"2022-11-08T09:24:45","slug":"bilder-sind-kuenstlerisch-geformter-ausdruck-des-gesellschaftlichen-bewusstseins","status":"publish","type":"post","link":"https:\/\/www.kein-alter-hut.de\/index.php\/2022\/10\/16\/bilder-sind-kuenstlerisch-geformter-ausdruck-des-gesellschaftlichen-bewusstseins\/","title":{"rendered":"\u201eBilder sind k\u00fcnstlerisch geformter Ausdruck des gesellschaftlichen Bewusstseins\u2026"},"content":{"rendered":"\n<p>\u2026der Lebenserfahrung einer bestimmten Zeit, gepr\u00e4gt von der Vergangenheit.\u201c<\/p>\n\n\n\n<p>Gotthard Krupps Werke sind in besonderer Weise bestimmt durch die Reflexion des Malers auf die gesellschaftlichen und politischen Bedingungen, unter denen sie entstehen. Krupps Bilder folgen nie alleine \u00e4sthetischen Kriterien, sondern sind immer nur zu verstehen im politischen Diskurs, den er mit den Betrachtenden sucht.<\/p>\n\n\n\n<p>\u201eIn vielen meiner Bilder explodiert die Erfahrung der Zerst\u00f6rung, Gewalt und Unterdr\u00fcckung, die in das Bewusstsein der Menschen eingekerbt ist. Damit kontrastieren aber auch Ruhe, Besinnung, getragen von Zukunftshoffnung.\u201c<\/p>\n\n\n\n<p>Wir sind sehr stolz, einen Teil seines Gesamtwerks in unserem B\u00fcrgerb\u00fcro ausstellen zu d\u00fcrfen und laden alle Interessierten, die in der Kunst immer auch Anst\u00f6\u00dfe suchen, die eigene Sicht in Frage zu stellen, ersch\u00fcttern zu lassen, in unsere Ausstellungsr\u00e4ume zu den allgemeinen \u00d6ffnungszeiten ein.<\/p>\n","protected":false},"excerpt":{"rendered":"<p>\u2026der Lebenserfahrung einer bestimmten Zeit, gepr\u00e4gt von der Vergangenheit.\u201c Gotthard Krupps Werke sind in besonderer Weise bestimmt durch die Reflexion des Malers auf die gesellschaftlichen und politischen Bedingungen, unter denen sie entstehen. Krupps Bilder&#46;&#46;&#46;<\/p>\n","protected":false},"author":1,"featured_media":186,"comment_status":"open","ping_status":"closed","sticky":false,"template":"","format":"standard","meta":{"footnotes":""},"categories":[4],"tags":[],"class_list":["post-185","post","type-post","status-publish","format-standard","has-post-thumbnail","hentry","category-allgemein"],"yoast_head":"<!-- This site is optimized with the Yoast SEO plugin v27.5 - https:\/\/yoast.com\/product\/yoast-seo-wordpress\/ -->\n<title>\u201eBilder sind k\u00fcnstlerisch geformter Ausdruck des gesellschaftlichen Bewusstseins\u2026 - Sven Meyer MdA<\/title>\n<meta name=\"robots\" content=\"index, follow, max-snippet:-1, max-image-preview:large, max-video-preview:-1\" \/>\n<link rel=\"canonical\" href=\"https:\/\/www.kein-alter-hut.de\/index.php\/2022\/10\/16\/bilder-sind-kuenstlerisch-geformter-ausdruck-des-gesellschaftlichen-bewusstseins\/\" \/>\n<meta property=\"og:locale\" content=\"de_DE\" \/>\n<meta property=\"og:type\" content=\"article\" \/>\n<meta property=\"og:title\" content=\"\u201eBilder sind k\u00fcnstlerisch geformter Ausdruck des gesellschaftlichen Bewusstseins\u2026 - Sven Meyer MdA\" \/>\n<meta property=\"og:description\" content=\"\u2026der Lebenserfahrung einer bestimmten Zeit, gepr\u00e4gt von der Vergangenheit.\u201c Gotthard Krupps Werke sind in besonderer Weise bestimmt durch die Reflexion des Malers auf die gesellschaftlichen und politischen Bedingungen, unter denen sie entstehen. Krupps Bilder&#046;&#046;&#046;\" \/>\n<meta property=\"og:url\" content=\"https:\/\/www.kein-alter-hut.de\/index.php\/2022\/10\/16\/bilder-sind-kuenstlerisch-geformter-ausdruck-des-gesellschaftlichen-bewusstseins\/\" \/>\n<meta property=\"og:site_name\" content=\"Sven Meyer MdA\" \/>\n<meta property=\"article:publisher\" content=\"https:\/\/www.facebook.com\/SvenMeyerReinickendorf\/\" \/>\n<meta property=\"article:published_time\" content=\"2022-10-16T13:39:00+00:00\" \/>\n<meta property=\"article:modified_time\" content=\"2022-11-08T09:24:45+00:00\" \/>\n<meta property=\"og:image\" content=\"https:\/\/www.kein-alter-hut.de\/wp-content\/uploads\/2022\/10\/krupp_plakat.jpeg\" \/>\n\t<meta property=\"og:image:width\" content=\"370\" \/>\n\t<meta property=\"og:image:height\" content=\"572\" \/>\n\t<meta property=\"og:image:type\" content=\"image\/jpeg\" \/>\n<meta name=\"author\" content=\"admin\" \/>\n<meta name=\"twitter:card\" content=\"summary_large_image\" \/>\n<meta name=\"twitter:label1\" content=\"Verfasst von\" \/>\n\t<meta name=\"twitter:data1\" content=\"admin\" \/>\n\t<meta name=\"twitter:label2\" content=\"Gesch\u00e4tzte Lesezeit\" \/>\n\t<meta name=\"twitter:data2\" content=\"1\u00a0Minute\" \/>\n<script type=\"application\/ld+json\" class=\"yoast-schema-graph\">{\"@context\":\"https:\\\/\\\/schema.org\",\"@graph\":[{\"@type\":\"Article\",\"@id\":\"https:\\\/\\\/www.kein-alter-hut.de\\\/index.php\\\/2022\\\/10\\\/16\\\/bilder-sind-kuenstlerisch-geformter-ausdruck-des-gesellschaftlichen-bewusstseins\\\/#article\",\"isPartOf\":{\"@id\":\"https:\\\/\\\/www.kein-alter-hut.de\\\/index.php\\\/2022\\\/10\\\/16\\\/bilder-sind-kuenstlerisch-geformter-ausdruck-des-gesellschaftlichen-bewusstseins\\\/\"},\"author\":{\"name\":\"admin\",\"@id\":\"https:\\\/\\\/www.kein-alter-hut.de\\\/#\\\/schema\\\/person\\\/0e854002ba9ffda5baf08e0f9af0ce1c\"},\"headline\":\"\u201eBilder sind k\u00fcnstlerisch geformter Ausdruck des gesellschaftlichen Bewusstseins\u2026\",\"datePublished\":\"2022-10-16T13:39:00+00:00\",\"dateModified\":\"2022-11-08T09:24:45+00:00\",\"mainEntityOfPage\":{\"@id\":\"https:\\\/\\\/www.kein-alter-hut.de\\\/index.php\\\/2022\\\/10\\\/16\\\/bilder-sind-kuenstlerisch-geformter-ausdruck-des-gesellschaftlichen-bewusstseins\\\/\"},\"wordCount\":145,\"commentCount\":0,\"image\":{\"@id\":\"https:\\\/\\\/www.kein-alter-hut.de\\\/index.php\\\/2022\\\/10\\\/16\\\/bilder-sind-kuenstlerisch-geformter-ausdruck-des-gesellschaftlichen-bewusstseins\\\/#primaryimage\"},\"thumbnailUrl\":\"https:\\\/\\\/www.kein-alter-hut.de\\\/wp-content\\\/uploads\\\/2022\\\/10\\\/krupp_plakat.jpeg\",\"inLanguage\":\"de\",\"potentialAction\":[{\"@type\":\"CommentAction\",\"name\":\"Comment\",\"target\":[\"https:\\\/\\\/www.kein-alter-hut.de\\\/index.php\\\/2022\\\/10\\\/16\\\/bilder-sind-kuenstlerisch-geformter-ausdruck-des-gesellschaftlichen-bewusstseins\\\/#respond\"]}]},{\"@type\":\"WebPage\",\"@id\":\"https:\\\/\\\/www.kein-alter-hut.de\\\/index.php\\\/2022\\\/10\\\/16\\\/bilder-sind-kuenstlerisch-geformter-ausdruck-des-gesellschaftlichen-bewusstseins\\\/\",\"url\":\"https:\\\/\\\/www.kein-alter-hut.de\\\/index.php\\\/2022\\\/10\\\/16\\\/bilder-sind-kuenstlerisch-geformter-ausdruck-des-gesellschaftlichen-bewusstseins\\\/\",\"name\":\"\u201eBilder sind k\u00fcnstlerisch geformter Ausdruck des gesellschaftlichen Bewusstseins\u2026 - Sven Meyer MdA\",\"isPartOf\":{\"@id\":\"https:\\\/\\\/www.kein-alter-hut.de\\\/#website\"},\"primaryImageOfPage\":{\"@id\":\"https:\\\/\\\/www.kein-alter-hut.de\\\/index.php\\\/2022\\\/10\\\/16\\\/bilder-sind-kuenstlerisch-geformter-ausdruck-des-gesellschaftlichen-bewusstseins\\\/#primaryimage\"},\"image\":{\"@id\":\"https:\\\/\\\/www.kein-alter-hut.de\\\/index.php\\\/2022\\\/10\\\/16\\\/bilder-sind-kuenstlerisch-geformter-ausdruck-des-gesellschaftlichen-bewusstseins\\\/#primaryimage\"},\"thumbnailUrl\":\"https:\\\/\\\/www.kein-alter-hut.de\\\/wp-content\\\/uploads\\\/2022\\\/10\\\/krupp_plakat.jpeg\",\"datePublished\":\"2022-10-16T13:39:00+00:00\",\"dateModified\":\"2022-11-08T09:24:45+00:00\",\"author\":{\"@id\":\"https:\\\/\\\/www.kein-alter-hut.de\\\/#\\\/schema\\\/person\\\/0e854002ba9ffda5baf08e0f9af0ce1c\"},\"breadcrumb\":{\"@id\":\"https:\\\/\\\/www.kein-alter-hut.de\\\/index.php\\\/2022\\\/10\\\/16\\\/bilder-sind-kuenstlerisch-geformter-ausdruck-des-gesellschaftlichen-bewusstseins\\\/#breadcrumb\"},\"inLanguage\":\"de\",\"potentialAction\":[{\"@type\":\"ReadAction\",\"target\":[\"https:\\\/\\\/www.kein-alter-hut.de\\\/index.php\\\/2022\\\/10\\\/16\\\/bilder-sind-kuenstlerisch-geformter-ausdruck-des-gesellschaftlichen-bewusstseins\\\/\"]}]},{\"@type\":\"ImageObject\",\"inLanguage\":\"de\",\"@id\":\"https:\\\/\\\/www.kein-alter-hut.de\\\/index.php\\\/2022\\\/10\\\/16\\\/bilder-sind-kuenstlerisch-geformter-ausdruck-des-gesellschaftlichen-bewusstseins\\\/#primaryimage\",\"url\":\"https:\\\/\\\/www.kein-alter-hut.de\\\/wp-content\\\/uploads\\\/2022\\\/10\\\/krupp_plakat.jpeg\",\"contentUrl\":\"https:\\\/\\\/www.kein-alter-hut.de\\\/wp-content\\\/uploads\\\/2022\\\/10\\\/krupp_plakat.jpeg\",\"width\":370,\"height\":572},{\"@type\":\"BreadcrumbList\",\"@id\":\"https:\\\/\\\/www.kein-alter-hut.de\\\/index.php\\\/2022\\\/10\\\/16\\\/bilder-sind-kuenstlerisch-geformter-ausdruck-des-gesellschaftlichen-bewusstseins\\\/#breadcrumb\",\"itemListElement\":[{\"@type\":\"ListItem\",\"position\":1,\"name\":\"Startseite\",\"item\":\"https:\\\/\\\/www.kein-alter-hut.de\\\/\"},{\"@type\":\"ListItem\",\"position\":2,\"name\":\"\u201eBilder sind k\u00fcnstlerisch geformter Ausdruck des gesellschaftlichen Bewusstseins\u2026\"}]},{\"@type\":\"WebSite\",\"@id\":\"https:\\\/\\\/www.kein-alter-hut.de\\\/#website\",\"url\":\"https:\\\/\\\/www.kein-alter-hut.de\\\/\",\"name\":\"Sven Meyer MdA\",\"description\":\"Sven Meyer - Ihr Abgeordneter f\u00fcr Wittenau, Waidmannslust, Borsigwalde und Tegel\",\"potentialAction\":[{\"@type\":\"SearchAction\",\"target\":{\"@type\":\"EntryPoint\",\"urlTemplate\":\"https:\\\/\\\/www.kein-alter-hut.de\\\/?s={search_term_string}\"},\"query-input\":{\"@type\":\"PropertyValueSpecification\",\"valueRequired\":true,\"valueName\":\"search_term_string\"}}],\"inLanguage\":\"de\"},{\"@type\":\"Person\",\"@id\":\"https:\\\/\\\/www.kein-alter-hut.de\\\/#\\\/schema\\\/person\\\/0e854002ba9ffda5baf08e0f9af0ce1c\",\"name\":\"admin\",\"image\":{\"@type\":\"ImageObject\",\"inLanguage\":\"de\",\"@id\":\"https:\\\/\\\/secure.gravatar.com\\\/avatar\\\/c46849f5dee5060ebc9f63f2434fb89c496cdde2d971d8684cb05ccf66e9936c?s=96&d=mm&r=g\",\"url\":\"https:\\\/\\\/secure.gravatar.com\\\/avatar\\\/c46849f5dee5060ebc9f63f2434fb89c496cdde2d971d8684cb05ccf66e9936c?s=96&d=mm&r=g\",\"contentUrl\":\"https:\\\/\\\/secure.gravatar.com\\\/avatar\\\/c46849f5dee5060ebc9f63f2434fb89c496cdde2d971d8684cb05ccf66e9936c?s=96&d=mm&r=g\",\"caption\":\"admin\"},\"sameAs\":[\"https:\\\/\\\/www.kein-alter-hut.de\"],\"url\":\"https:\\\/\\\/www.kein-alter-hut.de\\\/index.php\\\/author\\\/sven\\\/\"}]}<\/script>\n<!-- \/ Yoast SEO plugin. -->","yoast_head_json":{"title":"\u201eBilder sind k\u00fcnstlerisch geformter Ausdruck des gesellschaftlichen Bewusstseins\u2026 - Sven Meyer MdA","robots":{"index":"index","follow":"follow","max-snippet":"max-snippet:-1","max-image-preview":"max-image-preview:large","max-video-preview":"max-video-preview:-1"},"canonical":"https:\/\/www.kein-alter-hut.de\/index.php\/2022\/10\/16\/bilder-sind-kuenstlerisch-geformter-ausdruck-des-gesellschaftlichen-bewusstseins\/","og_locale":"de_DE","og_type":"article","og_title":"\u201eBilder sind k\u00fcnstlerisch geformter Ausdruck des gesellschaftlichen Bewusstseins\u2026 - Sven Meyer MdA","og_description":"\u2026der Lebenserfahrung einer bestimmten Zeit, gepr\u00e4gt von der Vergangenheit.\u201c Gotthard Krupps Werke sind in besonderer Weise bestimmt durch die Reflexion des Malers auf die gesellschaftlichen und politischen Bedingungen, unter denen sie entstehen. Krupps Bilder&#46;&#46;&#46;","og_url":"https:\/\/www.kein-alter-hut.de\/index.php\/2022\/10\/16\/bilder-sind-kuenstlerisch-geformter-ausdruck-des-gesellschaftlichen-bewusstseins\/","og_site_name":"Sven Meyer MdA","article_publisher":"https:\/\/www.facebook.com\/SvenMeyerReinickendorf\/","article_published_time":"2022-10-16T13:39:00+00:00","article_modified_time":"2022-11-08T09:24:45+00:00","og_image":[{"width":370,"height":572,"url":"https:\/\/www.kein-alter-hut.de\/wp-content\/uploads\/2022\/10\/krupp_plakat.jpeg","type":"image\/jpeg"}],"author":"admin","twitter_card":"summary_large_image","twitter_misc":{"Verfasst von":"admin","Gesch\u00e4tzte Lesezeit":"1\u00a0Minute"},"schema":{"@context":"https:\/\/schema.org","@graph":[{"@type":"Article","@id":"https:\/\/www.kein-alter-hut.de\/index.php\/2022\/10\/16\/bilder-sind-kuenstlerisch-geformter-ausdruck-des-gesellschaftlichen-bewusstseins\/#article","isPartOf":{"@id":"https:\/\/www.kein-alter-hut.de\/index.php\/2022\/10\/16\/bilder-sind-kuenstlerisch-geformter-ausdruck-des-gesellschaftlichen-bewusstseins\/"},"author":{"name":"admin","@id":"https:\/\/www.kein-alter-hut.de\/#\/schema\/person\/0e854002ba9ffda5baf08e0f9af0ce1c"},"headline":"\u201eBilder sind k\u00fcnstlerisch geformter Ausdruck des gesellschaftlichen Bewusstseins\u2026","datePublished":"2022-10-16T13:39:00+00:00","dateModified":"2022-11-08T09:24:45+00:00","mainEntityOfPage":{"@id":"https:\/\/www.kein-alter-hut.de\/index.php\/2022\/10\/16\/bilder-sind-kuenstlerisch-geformter-ausdruck-des-gesellschaftlichen-bewusstseins\/"},"wordCount":145,"commentCount":0,"image":{"@id":"https:\/\/www.kein-alter-hut.de\/index.php\/2022\/10\/16\/bilder-sind-kuenstlerisch-geformter-ausdruck-des-gesellschaftlichen-bewusstseins\/#primaryimage"},"thumbnailUrl":"https:\/\/www.kein-alter-hut.de\/wp-content\/uploads\/2022\/10\/krupp_plakat.jpeg","inLanguage":"de","potentialAction":[{"@type":"CommentAction","name":"Comment","target":["https:\/\/www.kein-alter-hut.de\/index.php\/2022\/10\/16\/bilder-sind-kuenstlerisch-geformter-ausdruck-des-gesellschaftlichen-bewusstseins\/#respond"]}]},{"@type":"WebPage","@id":"https:\/\/www.kein-alter-hut.de\/index.php\/2022\/10\/16\/bilder-sind-kuenstlerisch-geformter-ausdruck-des-gesellschaftlichen-bewusstseins\/","url":"https:\/\/www.kein-alter-hut.de\/index.php\/2022\/10\/16\/bilder-sind-kuenstlerisch-geformter-ausdruck-des-gesellschaftlichen-bewusstseins\/","name":"\u201eBilder sind k\u00fcnstlerisch geformter Ausdruck des gesellschaftlichen Bewusstseins\u2026 - Sven Meyer MdA","isPartOf":{"@id":"https:\/\/www.kein-alter-hut.de\/#website"},"primaryImageOfPage":{"@id":"https:\/\/www.kein-alter-hut.de\/index.php\/2022\/10\/16\/bilder-sind-kuenstlerisch-geformter-ausdruck-des-gesellschaftlichen-bewusstseins\/#primaryimage"},"image":{"@id":"https:\/\/www.kein-alter-hut.de\/index.php\/2022\/10\/16\/bilder-sind-kuenstlerisch-geformter-ausdruck-des-gesellschaftlichen-bewusstseins\/#primaryimage"},"thumbnailUrl":"https:\/\/www.kein-alter-hut.de\/wp-content\/uploads\/2022\/10\/krupp_plakat.jpeg","datePublished":"2022-10-16T13:39:00+00:00","dateModified":"2022-11-08T09:24:45+00:00","author":{"@id":"https:\/\/www.kein-alter-hut.de\/#\/schema\/person\/0e854002ba9ffda5baf08e0f9af0ce1c"},"breadcrumb":{"@id":"https:\/\/www.kein-alter-hut.de\/index.php\/2022\/10\/16\/bilder-sind-kuenstlerisch-geformter-ausdruck-des-gesellschaftlichen-bewusstseins\/#breadcrumb"},"inLanguage":"de","potentialAction":[{"@type":"ReadAction","target":["https:\/\/www.kein-alter-hut.de\/index.php\/2022\/10\/16\/bilder-sind-kuenstlerisch-geformter-ausdruck-des-gesellschaftlichen-bewusstseins\/"]}]},{"@type":"ImageObject","inLanguage":"de","@id":"https:\/\/www.kein-alter-hut.de\/index.php\/2022\/10\/16\/bilder-sind-kuenstlerisch-geformter-ausdruck-des-gesellschaftlichen-bewusstseins\/#primaryimage","url":"https:\/\/www.kein-alter-hut.de\/wp-content\/uploads\/2022\/10\/krupp_plakat.jpeg","contentUrl":"https:\/\/www.kein-alter-hut.de\/wp-content\/uploads\/2022\/10\/krupp_plakat.jpeg","width":370,"height":572},{"@type":"BreadcrumbList","@id":"https:\/\/www.kein-alter-hut.de\/index.php\/2022\/10\/16\/bilder-sind-kuenstlerisch-geformter-ausdruck-des-gesellschaftlichen-bewusstseins\/#breadcrumb","itemListElement":[{"@type":"ListItem","position":1,"name":"Startseite","item":"https:\/\/www.kein-alter-hut.de\/"},{"@type":"ListItem","position":2,"name":"\u201eBilder sind k\u00fcnstlerisch geformter Ausdruck des gesellschaftlichen Bewusstseins\u2026"}]},{"@type":"WebSite","@id":"https:\/\/www.kein-alter-hut.de\/#website","url":"https:\/\/www.kein-alter-hut.de\/","name":"Sven Meyer MdA","description":"Sven Meyer - Ihr Abgeordneter f\u00fcr Wittenau, Waidmannslust, Borsigwalde und Tegel","potentialAction":[{"@type":"SearchAction","target":{"@type":"EntryPoint","urlTemplate":"https:\/\/www.kein-alter-hut.de\/?s={search_term_string}"},"query-input":{"@type":"PropertyValueSpecification","valueRequired":true,"valueName":"search_term_string"}}],"inLanguage":"de"},{"@type":"Person","@id":"https:\/\/www.kein-alter-hut.de\/#\/schema\/person\/0e854002ba9ffda5baf08e0f9af0ce1c","name":"admin","image":{"@type":"ImageObject","inLanguage":"de","@id":"https:\/\/secure.gravatar.com\/avatar\/c46849f5dee5060ebc9f63f2434fb89c496cdde2d971d8684cb05ccf66e9936c?s=96&d=mm&r=g","url":"https:\/\/secure.gravatar.com\/avatar\/c46849f5dee5060ebc9f63f2434fb89c496cdde2d971d8684cb05ccf66e9936c?s=96&d=mm&r=g","contentUrl":"https:\/\/secure.gravatar.com\/avatar\/c46849f5dee5060ebc9f63f2434fb89c496cdde2d971d8684cb05ccf66e9936c?s=96&d=mm&r=g","caption":"admin"},"sameAs":["https:\/\/www.kein-alter-hut.de"],"url":"https:\/\/www.kein-alter-hut.de\/index.php\/author\/sven\/"}]}},"_links":{"self":[{"href":"https:\/\/www.kein-alter-hut.de\/index.php\/wp-json\/wp\/v2\/posts\/185","targetHints":{"allow":["GET"]}}],"collection":[{"href":"https:\/\/www.kein-alter-hut.de\/index.php\/wp-json\/wp\/v2\/posts"}],"about":[{"href":"https:\/\/www.kein-alter-hut.de\/index.php\/wp-json\/wp\/v2\/types\/post"}],"author":[{"embeddable":true,"href":"https:\/\/www.kein-alter-hut.de\/index.php\/wp-json\/wp\/v2\/users\/1"}],"replies":[{"embeddable":true,"href":"https:\/\/www.kein-alter-hut.de\/index.php\/wp-json\/wp\/v2\/comments?post=185"}],"version-history":[{"count":1,"href":"https:\/\/www.kein-alter-hut.de\/index.php\/wp-json\/wp\/v2\/posts\/185\/revisions"}],"predecessor-version":[{"id":187,"href":"https:\/\/www.kein-alter-hut.de\/index.php\/wp-json\/wp\/v2\/posts\/185\/revisions\/187"}],"wp:featuredmedia":[{"embeddable":true,"href":"https:\/\/www.kein-alter-hut.de\/index.php\/wp-json\/wp\/v2\/media\/186"}],"wp:attachment":[{"href":"https:\/\/www.kein-alter-hut.de\/index.php\/wp-json\/wp\/v2\/media?parent=185"}],"wp:term":[{"taxonomy":"category","embeddable":true,"href":"https:\/\/www.kein-alter-hut.de\/index.php\/wp-json\/wp\/v2\/categories?post=185"},{"taxonomy":"post_tag","embeddable":true,"href":"https:\/\/www.kein-alter-hut.de\/index.php\/wp-json\/wp\/v2\/tags?post=185"}],"curies":[{"name":"wp","href":"https:\/\/api.w.org\/{rel}","templated":true}]}}