{"id":188,"date":"2022-10-16T11:45:00","date_gmt":"2022-10-16T11:45:00","guid":{"rendered":"https:\/\/www.kein-alter-hut.de\/?p=188"},"modified":"2022-11-08T09:24:59","modified_gmt":"2022-11-08T09:24:59","slug":"unser-buergerbuero","status":"publish","type":"post","link":"https:\/\/www.kein-alter-hut.de\/index.php\/2022\/10\/16\/unser-buergerbuero\/","title":{"rendered":"Unser B\u00fcrgerb\u00fcro!"},"content":{"rendered":"\n<p>Nach Renovierungsarbeiten, die l\u00e4nger in Anspruch nahmen, als es urspr\u00fcnglich f\u00fcr uns abzusehen war, konnten wir am 18.Mai endlich unser B\u00fcrgerb\u00fcro er\u00f6ffnen.<\/p>\n\n\n\n<p>Tolle G\u00e4ste, anregende Gespr\u00e4che und vor allem die gleichzeitige Ausstellungser\u00f6ffnung mit den Werken Gotthard Krupps sorgten an diesem Abend f\u00fcr eine Atmosph\u00e4re, die nicht nur die M\u00fchen vergessen machte, sondern auch den Wunsch nach vielen \u00e4hnlich eindrucksvollen Folgeveranstaltungen weckte.<\/p>\n\n\n\n<figure class=\"wp-block-image size-full\"><img fetchpriority=\"high\" decoding=\"async\" width=\"577\" height=\"1024\" src=\"https:\/\/www.kein-alter-hut.de\/wp-content\/uploads\/2022\/10\/grafik-6.png\" alt=\"\" class=\"wp-image-189\" srcset=\"https:\/\/www.kein-alter-hut.de\/wp-content\/uploads\/2022\/10\/grafik-6.png 577w, https:\/\/www.kein-alter-hut.de\/wp-content\/uploads\/2022\/10\/grafik-6-169x300.png 169w\" sizes=\"(max-width: 577px) 100vw, 577px\" \/><\/figure>\n\n\n\n<figure class=\"wp-block-image size-full\"><img decoding=\"async\" width=\"1024\" height=\"768\" src=\"https:\/\/www.kein-alter-hut.de\/wp-content\/uploads\/2022\/10\/grafik-7.png\" alt=\"\" class=\"wp-image-190\" srcset=\"https:\/\/www.kein-alter-hut.de\/wp-content\/uploads\/2022\/10\/grafik-7.png 1024w, https:\/\/www.kein-alter-hut.de\/wp-content\/uploads\/2022\/10\/grafik-7-300x225.png 300w, https:\/\/www.kein-alter-hut.de\/wp-content\/uploads\/2022\/10\/grafik-7-768x576.png 768w\" sizes=\"(max-width: 1024px) 100vw, 1024px\" \/><\/figure>\n\n\n\n<figure class=\"wp-block-image size-full\"><img decoding=\"async\" width=\"1024\" height=\"768\" src=\"https:\/\/www.kein-alter-hut.de\/wp-content\/uploads\/2022\/10\/grafik-8.png\" alt=\"\" class=\"wp-image-191\" srcset=\"https:\/\/www.kein-alter-hut.de\/wp-content\/uploads\/2022\/10\/grafik-8.png 1024w, https:\/\/www.kein-alter-hut.de\/wp-content\/uploads\/2022\/10\/grafik-8-300x225.png 300w, https:\/\/www.kein-alter-hut.de\/wp-content\/uploads\/2022\/10\/grafik-8-768x576.png 768w\" sizes=\"(max-width: 1024px) 100vw, 1024px\" \/><\/figure>\n\n\n\n<figure class=\"wp-block-image size-full\"><img loading=\"lazy\" decoding=\"async\" width=\"1024\" height=\"768\" src=\"https:\/\/www.kein-alter-hut.de\/wp-content\/uploads\/2022\/10\/grafik-9.png\" alt=\"\" class=\"wp-image-192\" srcset=\"https:\/\/www.kein-alter-hut.de\/wp-content\/uploads\/2022\/10\/grafik-9.png 1024w, https:\/\/www.kein-alter-hut.de\/wp-content\/uploads\/2022\/10\/grafik-9-300x225.png 300w, https:\/\/www.kein-alter-hut.de\/wp-content\/uploads\/2022\/10\/grafik-9-768x576.png 768w\" sizes=\"(max-width: 1024px) 100vw, 1024px\" \/><\/figure>\n\n\n\n<figure class=\"wp-block-image size-full\"><img loading=\"lazy\" decoding=\"async\" width=\"1024\" height=\"576\" src=\"https:\/\/www.kein-alter-hut.de\/wp-content\/uploads\/2022\/10\/grafik-10.png\" alt=\"\" class=\"wp-image-193\" srcset=\"https:\/\/www.kein-alter-hut.de\/wp-content\/uploads\/2022\/10\/grafik-10.png 1024w, https:\/\/www.kein-alter-hut.de\/wp-content\/uploads\/2022\/10\/grafik-10-300x169.png 300w, https:\/\/www.kein-alter-hut.de\/wp-content\/uploads\/2022\/10\/grafik-10-768x432.png 768w, https:\/\/www.kein-alter-hut.de\/wp-content\/uploads\/2022\/10\/grafik-10-800x450.png 800w\" sizes=\"(max-width: 1024px) 100vw, 1024px\" \/><\/figure>\n\n\n\n<figure class=\"wp-block-image size-full\"><img loading=\"lazy\" decoding=\"async\" width=\"1024\" height=\"768\" src=\"https:\/\/www.kein-alter-hut.de\/wp-content\/uploads\/2022\/10\/grafik-11.png\" alt=\"\" class=\"wp-image-194\" srcset=\"https:\/\/www.kein-alter-hut.de\/wp-content\/uploads\/2022\/10\/grafik-11.png 1024w, https:\/\/www.kein-alter-hut.de\/wp-content\/uploads\/2022\/10\/grafik-11-300x225.png 300w, https:\/\/www.kein-alter-hut.de\/wp-content\/uploads\/2022\/10\/grafik-11-768x576.png 768w\" sizes=\"(max-width: 1024px) 100vw, 1024px\" \/><\/figure>\n\n\n\n<figure class=\"wp-block-image size-full\"><img loading=\"lazy\" decoding=\"async\" width=\"1024\" height=\"576\" src=\"https:\/\/www.kein-alter-hut.de\/wp-content\/uploads\/2022\/10\/grafik-12.png\" alt=\"\" class=\"wp-image-195\" srcset=\"https:\/\/www.kein-alter-hut.de\/wp-content\/uploads\/2022\/10\/grafik-12.png 1024w, https:\/\/www.kein-alter-hut.de\/wp-content\/uploads\/2022\/10\/grafik-12-300x169.png 300w, https:\/\/www.kein-alter-hut.de\/wp-content\/uploads\/2022\/10\/grafik-12-768x432.png 768w, https:\/\/www.kein-alter-hut.de\/wp-content\/uploads\/2022\/10\/grafik-12-800x450.png 800w\" sizes=\"(max-width: 1024px) 100vw, 1024px\" \/><\/figure>\n\n\n\n<figure class=\"wp-block-image size-full\"><img loading=\"lazy\" decoding=\"async\" width=\"1024\" height=\"768\" src=\"https:\/\/www.kein-alter-hut.de\/wp-content\/uploads\/2022\/10\/grafik-13.png\" alt=\"\" class=\"wp-image-196\" srcset=\"https:\/\/www.kein-alter-hut.de\/wp-content\/uploads\/2022\/10\/grafik-13.png 1024w, https:\/\/www.kein-alter-hut.de\/wp-content\/uploads\/2022\/10\/grafik-13-300x225.png 300w, https:\/\/www.kein-alter-hut.de\/wp-content\/uploads\/2022\/10\/grafik-13-768x576.png 768w\" sizes=\"(max-width: 1024px) 100vw, 1024px\" \/><\/figure>\n\n\n\n<p>Wir danken all unseren Besuchern, dass Sie diesen Anlass mit uns gefeiert haben.<\/p>\n\n\n\n<p>Wenn wir Sie neugierig auf unsere R\u00e4umlichkeiten und auf unsere zuk\u00fcnftige Arbeit f\u00fcr den Wahlkreis gemacht haben, dann besuchen Sie uns im B\u00fcrgerb\u00fcro Sven Meyer, Gru\u00dfdorfstra\u00dfe 16 in Tegel. Dienstags von 10 bist 14 Uhr, donnerstags von 10 bis 13 und von 14 bis 18 Uhr sowie am Freitag von 13 bis 17 Uhr.<\/p>\n\n\n\n<p>Zus\u00e4tzlich bietet Sven Meyer eine B\u00fcrgersprechstunde an, am Mittwoch jeweils von 17 bis 19 Uhr (sofern keine anderen Termine dies verhindern; bitte fragen Sie vorher nach).<\/p>\n","protected":false},"excerpt":{"rendered":"<p>Nach Renovierungsarbeiten, die l\u00e4nger in Anspruch nahmen, als es urspr\u00fcnglich f\u00fcr uns abzusehen war, konnten wir am 18.Mai endlich unser B\u00fcrgerb\u00fcro er\u00f6ffnen. Tolle G\u00e4ste, anregende Gespr\u00e4che und vor allem die gleichzeitige Ausstellungser\u00f6ffnung mit den&#46;&#46;&#46;<\/p>\n","protected":false},"author":1,"featured_media":197,"comment_status":"open","ping_status":"closed","sticky":false,"template":"","format":"standard","meta":{"footnotes":""},"categories":[4],"tags":[],"class_list":["post-188","post","type-post","status-publish","format-standard","has-post-thumbnail","hentry","category-allgemein"],"yoast_head":"<!-- This site is optimized with the Yoast SEO plugin v27.5 - https:\/\/yoast.com\/product\/yoast-seo-wordpress\/ -->\n<title>Unser B\u00fcrgerb\u00fcro! - Sven Meyer MdA<\/title>\n<meta name=\"robots\" content=\"index, follow, max-snippet:-1, max-image-preview:large, max-video-preview:-1\" \/>\n<link rel=\"canonical\" href=\"https:\/\/www.kein-alter-hut.de\/index.php\/2022\/10\/16\/unser-buergerbuero\/\" \/>\n<meta property=\"og:locale\" content=\"de_DE\" \/>\n<meta property=\"og:type\" content=\"article\" \/>\n<meta property=\"og:title\" content=\"Unser B\u00fcrgerb\u00fcro! - Sven Meyer MdA\" \/>\n<meta property=\"og:description\" content=\"Nach Renovierungsarbeiten, die l\u00e4nger in Anspruch nahmen, als es urspr\u00fcnglich f\u00fcr uns abzusehen war, konnten wir am 18.Mai endlich unser B\u00fcrgerb\u00fcro er\u00f6ffnen. Tolle G\u00e4ste, anregende Gespr\u00e4che und vor allem die gleichzeitige Ausstellungser\u00f6ffnung mit den&#046;&#046;&#046;\" \/>\n<meta property=\"og:url\" content=\"https:\/\/www.kein-alter-hut.de\/index.php\/2022\/10\/16\/unser-buergerbuero\/\" \/>\n<meta property=\"og:site_name\" content=\"Sven Meyer MdA\" \/>\n<meta property=\"article:publisher\" content=\"https:\/\/www.facebook.com\/SvenMeyerReinickendorf\/\" \/>\n<meta property=\"article:published_time\" content=\"2022-10-16T11:45:00+00:00\" \/>\n<meta property=\"article:modified_time\" content=\"2022-11-08T09:24:59+00:00\" \/>\n<meta property=\"og:image\" content=\"https:\/\/www.kein-alter-hut.de\/wp-content\/uploads\/2022\/10\/signal-2022-05-18-235249_001-1038x576-1.jpeg\" \/>\n\t<meta property=\"og:image:width\" content=\"1038\" \/>\n\t<meta property=\"og:image:height\" content=\"576\" \/>\n\t<meta property=\"og:image:type\" content=\"image\/jpeg\" \/>\n<meta name=\"author\" content=\"admin\" \/>\n<meta name=\"twitter:card\" content=\"summary_large_image\" \/>\n<meta name=\"twitter:label1\" content=\"Verfasst von\" \/>\n\t<meta name=\"twitter:data1\" content=\"admin\" \/>\n\t<meta name=\"twitter:label2\" content=\"Gesch\u00e4tzte Lesezeit\" \/>\n\t<meta name=\"twitter:data2\" content=\"3\u00a0Minuten\" \/>\n<script type=\"application\/ld+json\" class=\"yoast-schema-graph\">{\"@context\":\"https:\\\/\\\/schema.org\",\"@graph\":[{\"@type\":\"Article\",\"@id\":\"https:\\\/\\\/www.kein-alter-hut.de\\\/index.php\\\/2022\\\/10\\\/16\\\/unser-buergerbuero\\\/#article\",\"isPartOf\":{\"@id\":\"https:\\\/\\\/www.kein-alter-hut.de\\\/index.php\\\/2022\\\/10\\\/16\\\/unser-buergerbuero\\\/\"},\"author\":{\"name\":\"admin\",\"@id\":\"https:\\\/\\\/www.kein-alter-hut.de\\\/#\\\/schema\\\/person\\\/0e854002ba9ffda5baf08e0f9af0ce1c\"},\"headline\":\"Unser B\u00fcrgerb\u00fcro!\",\"datePublished\":\"2022-10-16T11:45:00+00:00\",\"dateModified\":\"2022-11-08T09:24:59+00:00\",\"mainEntityOfPage\":{\"@id\":\"https:\\\/\\\/www.kein-alter-hut.de\\\/index.php\\\/2022\\\/10\\\/16\\\/unser-buergerbuero\\\/\"},\"wordCount\":168,\"commentCount\":0,\"image\":{\"@id\":\"https:\\\/\\\/www.kein-alter-hut.de\\\/index.php\\\/2022\\\/10\\\/16\\\/unser-buergerbuero\\\/#primaryimage\"},\"thumbnailUrl\":\"https:\\\/\\\/www.kein-alter-hut.de\\\/wp-content\\\/uploads\\\/2022\\\/10\\\/signal-2022-05-18-235249_001-1038x576-1.jpeg\",\"inLanguage\":\"de\",\"potentialAction\":[{\"@type\":\"CommentAction\",\"name\":\"Comment\",\"target\":[\"https:\\\/\\\/www.kein-alter-hut.de\\\/index.php\\\/2022\\\/10\\\/16\\\/unser-buergerbuero\\\/#respond\"]}]},{\"@type\":\"WebPage\",\"@id\":\"https:\\\/\\\/www.kein-alter-hut.de\\\/index.php\\\/2022\\\/10\\\/16\\\/unser-buergerbuero\\\/\",\"url\":\"https:\\\/\\\/www.kein-alter-hut.de\\\/index.php\\\/2022\\\/10\\\/16\\\/unser-buergerbuero\\\/\",\"name\":\"Unser B\u00fcrgerb\u00fcro! - Sven Meyer MdA\",\"isPartOf\":{\"@id\":\"https:\\\/\\\/www.kein-alter-hut.de\\\/#website\"},\"primaryImageOfPage\":{\"@id\":\"https:\\\/\\\/www.kein-alter-hut.de\\\/index.php\\\/2022\\\/10\\\/16\\\/unser-buergerbuero\\\/#primaryimage\"},\"image\":{\"@id\":\"https:\\\/\\\/www.kein-alter-hut.de\\\/index.php\\\/2022\\\/10\\\/16\\\/unser-buergerbuero\\\/#primaryimage\"},\"thumbnailUrl\":\"https:\\\/\\\/www.kein-alter-hut.de\\\/wp-content\\\/uploads\\\/2022\\\/10\\\/signal-2022-05-18-235249_001-1038x576-1.jpeg\",\"datePublished\":\"2022-10-16T11:45:00+00:00\",\"dateModified\":\"2022-11-08T09:24:59+00:00\",\"author\":{\"@id\":\"https:\\\/\\\/www.kein-alter-hut.de\\\/#\\\/schema\\\/person\\\/0e854002ba9ffda5baf08e0f9af0ce1c\"},\"breadcrumb\":{\"@id\":\"https:\\\/\\\/www.kein-alter-hut.de\\\/index.php\\\/2022\\\/10\\\/16\\\/unser-buergerbuero\\\/#breadcrumb\"},\"inLanguage\":\"de\",\"potentialAction\":[{\"@type\":\"ReadAction\",\"target\":[\"https:\\\/\\\/www.kein-alter-hut.de\\\/index.php\\\/2022\\\/10\\\/16\\\/unser-buergerbuero\\\/\"]}]},{\"@type\":\"ImageObject\",\"inLanguage\":\"de\",\"@id\":\"https:\\\/\\\/www.kein-alter-hut.de\\\/index.php\\\/2022\\\/10\\\/16\\\/unser-buergerbuero\\\/#primaryimage\",\"url\":\"https:\\\/\\\/www.kein-alter-hut.de\\\/wp-content\\\/uploads\\\/2022\\\/10\\\/signal-2022-05-18-235249_001-1038x576-1.jpeg\",\"contentUrl\":\"https:\\\/\\\/www.kein-alter-hut.de\\\/wp-content\\\/uploads\\\/2022\\\/10\\\/signal-2022-05-18-235249_001-1038x576-1.jpeg\",\"width\":1038,\"height\":576},{\"@type\":\"BreadcrumbList\",\"@id\":\"https:\\\/\\\/www.kein-alter-hut.de\\\/index.php\\\/2022\\\/10\\\/16\\\/unser-buergerbuero\\\/#breadcrumb\",\"itemListElement\":[{\"@type\":\"ListItem\",\"position\":1,\"name\":\"Startseite\",\"item\":\"https:\\\/\\\/www.kein-alter-hut.de\\\/\"},{\"@type\":\"ListItem\",\"position\":2,\"name\":\"Unser B\u00fcrgerb\u00fcro!\"}]},{\"@type\":\"WebSite\",\"@id\":\"https:\\\/\\\/www.kein-alter-hut.de\\\/#website\",\"url\":\"https:\\\/\\\/www.kein-alter-hut.de\\\/\",\"name\":\"Sven Meyer MdA\",\"description\":\"Sven Meyer - Ihr Abgeordneter f\u00fcr Wittenau, Waidmannslust, Borsigwalde und Tegel\",\"potentialAction\":[{\"@type\":\"SearchAction\",\"target\":{\"@type\":\"EntryPoint\",\"urlTemplate\":\"https:\\\/\\\/www.kein-alter-hut.de\\\/?s={search_term_string}\"},\"query-input\":{\"@type\":\"PropertyValueSpecification\",\"valueRequired\":true,\"valueName\":\"search_term_string\"}}],\"inLanguage\":\"de\"},{\"@type\":\"Person\",\"@id\":\"https:\\\/\\\/www.kein-alter-hut.de\\\/#\\\/schema\\\/person\\\/0e854002ba9ffda5baf08e0f9af0ce1c\",\"name\":\"admin\",\"image\":{\"@type\":\"ImageObject\",\"inLanguage\":\"de\",\"@id\":\"https:\\\/\\\/secure.gravatar.com\\\/avatar\\\/c46849f5dee5060ebc9f63f2434fb89c496cdde2d971d8684cb05ccf66e9936c?s=96&d=mm&r=g\",\"url\":\"https:\\\/\\\/secure.gravatar.com\\\/avatar\\\/c46849f5dee5060ebc9f63f2434fb89c496cdde2d971d8684cb05ccf66e9936c?s=96&d=mm&r=g\",\"contentUrl\":\"https:\\\/\\\/secure.gravatar.com\\\/avatar\\\/c46849f5dee5060ebc9f63f2434fb89c496cdde2d971d8684cb05ccf66e9936c?s=96&d=mm&r=g\",\"caption\":\"admin\"},\"sameAs\":[\"https:\\\/\\\/www.kein-alter-hut.de\"],\"url\":\"https:\\\/\\\/www.kein-alter-hut.de\\\/index.php\\\/author\\\/sven\\\/\"}]}<\/script>\n<!-- \/ Yoast SEO plugin. -->","yoast_head_json":{"title":"Unser B\u00fcrgerb\u00fcro! - Sven Meyer MdA","robots":{"index":"index","follow":"follow","max-snippet":"max-snippet:-1","max-image-preview":"max-image-preview:large","max-video-preview":"max-video-preview:-1"},"canonical":"https:\/\/www.kein-alter-hut.de\/index.php\/2022\/10\/16\/unser-buergerbuero\/","og_locale":"de_DE","og_type":"article","og_title":"Unser B\u00fcrgerb\u00fcro! - Sven Meyer MdA","og_description":"Nach Renovierungsarbeiten, die l\u00e4nger in Anspruch nahmen, als es urspr\u00fcnglich f\u00fcr uns abzusehen war, konnten wir am 18.Mai endlich unser B\u00fcrgerb\u00fcro er\u00f6ffnen. Tolle G\u00e4ste, anregende Gespr\u00e4che und vor allem die gleichzeitige Ausstellungser\u00f6ffnung mit den&#46;&#46;&#46;","og_url":"https:\/\/www.kein-alter-hut.de\/index.php\/2022\/10\/16\/unser-buergerbuero\/","og_site_name":"Sven Meyer MdA","article_publisher":"https:\/\/www.facebook.com\/SvenMeyerReinickendorf\/","article_published_time":"2022-10-16T11:45:00+00:00","article_modified_time":"2022-11-08T09:24:59+00:00","og_image":[{"width":1038,"height":576,"url":"https:\/\/www.kein-alter-hut.de\/wp-content\/uploads\/2022\/10\/signal-2022-05-18-235249_001-1038x576-1.jpeg","type":"image\/jpeg"}],"author":"admin","twitter_card":"summary_large_image","twitter_misc":{"Verfasst von":"admin","Gesch\u00e4tzte Lesezeit":"3\u00a0Minuten"},"schema":{"@context":"https:\/\/schema.org","@graph":[{"@type":"Article","@id":"https:\/\/www.kein-alter-hut.de\/index.php\/2022\/10\/16\/unser-buergerbuero\/#article","isPartOf":{"@id":"https:\/\/www.kein-alter-hut.de\/index.php\/2022\/10\/16\/unser-buergerbuero\/"},"author":{"name":"admin","@id":"https:\/\/www.kein-alter-hut.de\/#\/schema\/person\/0e854002ba9ffda5baf08e0f9af0ce1c"},"headline":"Unser B\u00fcrgerb\u00fcro!","datePublished":"2022-10-16T11:45:00+00:00","dateModified":"2022-11-08T09:24:59+00:00","mainEntityOfPage":{"@id":"https:\/\/www.kein-alter-hut.de\/index.php\/2022\/10\/16\/unser-buergerbuero\/"},"wordCount":168,"commentCount":0,"image":{"@id":"https:\/\/www.kein-alter-hut.de\/index.php\/2022\/10\/16\/unser-buergerbuero\/#primaryimage"},"thumbnailUrl":"https:\/\/www.kein-alter-hut.de\/wp-content\/uploads\/2022\/10\/signal-2022-05-18-235249_001-1038x576-1.jpeg","inLanguage":"de","potentialAction":[{"@type":"CommentAction","name":"Comment","target":["https:\/\/www.kein-alter-hut.de\/index.php\/2022\/10\/16\/unser-buergerbuero\/#respond"]}]},{"@type":"WebPage","@id":"https:\/\/www.kein-alter-hut.de\/index.php\/2022\/10\/16\/unser-buergerbuero\/","url":"https:\/\/www.kein-alter-hut.de\/index.php\/2022\/10\/16\/unser-buergerbuero\/","name":"Unser B\u00fcrgerb\u00fcro! - Sven Meyer MdA","isPartOf":{"@id":"https:\/\/www.kein-alter-hut.de\/#website"},"primaryImageOfPage":{"@id":"https:\/\/www.kein-alter-hut.de\/index.php\/2022\/10\/16\/unser-buergerbuero\/#primaryimage"},"image":{"@id":"https:\/\/www.kein-alter-hut.de\/index.php\/2022\/10\/16\/unser-buergerbuero\/#primaryimage"},"thumbnailUrl":"https:\/\/www.kein-alter-hut.de\/wp-content\/uploads\/2022\/10\/signal-2022-05-18-235249_001-1038x576-1.jpeg","datePublished":"2022-10-16T11:45:00+00:00","dateModified":"2022-11-08T09:24:59+00:00","author":{"@id":"https:\/\/www.kein-alter-hut.de\/#\/schema\/person\/0e854002ba9ffda5baf08e0f9af0ce1c"},"breadcrumb":{"@id":"https:\/\/www.kein-alter-hut.de\/index.php\/2022\/10\/16\/unser-buergerbuero\/#breadcrumb"},"inLanguage":"de","potentialAction":[{"@type":"ReadAction","target":["https:\/\/www.kein-alter-hut.de\/index.php\/2022\/10\/16\/unser-buergerbuero\/"]}]},{"@type":"ImageObject","inLanguage":"de","@id":"https:\/\/www.kein-alter-hut.de\/index.php\/2022\/10\/16\/unser-buergerbuero\/#primaryimage","url":"https:\/\/www.kein-alter-hut.de\/wp-content\/uploads\/2022\/10\/signal-2022-05-18-235249_001-1038x576-1.jpeg","contentUrl":"https:\/\/www.kein-alter-hut.de\/wp-content\/uploads\/2022\/10\/signal-2022-05-18-235249_001-1038x576-1.jpeg","width":1038,"height":576},{"@type":"BreadcrumbList","@id":"https:\/\/www.kein-alter-hut.de\/index.php\/2022\/10\/16\/unser-buergerbuero\/#breadcrumb","itemListElement":[{"@type":"ListItem","position":1,"name":"Startseite","item":"https:\/\/www.kein-alter-hut.de\/"},{"@type":"ListItem","position":2,"name":"Unser B\u00fcrgerb\u00fcro!"}]},{"@type":"WebSite","@id":"https:\/\/www.kein-alter-hut.de\/#website","url":"https:\/\/www.kein-alter-hut.de\/","name":"Sven Meyer MdA","description":"Sven Meyer - Ihr Abgeordneter f\u00fcr Wittenau, Waidmannslust, Borsigwalde und Tegel","potentialAction":[{"@type":"SearchAction","target":{"@type":"EntryPoint","urlTemplate":"https:\/\/www.kein-alter-hut.de\/?s={search_term_string}"},"query-input":{"@type":"PropertyValueSpecification","valueRequired":true,"valueName":"search_term_string"}}],"inLanguage":"de"},{"@type":"Person","@id":"https:\/\/www.kein-alter-hut.de\/#\/schema\/person\/0e854002ba9ffda5baf08e0f9af0ce1c","name":"admin","image":{"@type":"ImageObject","inLanguage":"de","@id":"https:\/\/secure.gravatar.com\/avatar\/c46849f5dee5060ebc9f63f2434fb89c496cdde2d971d8684cb05ccf66e9936c?s=96&d=mm&r=g","url":"https:\/\/secure.gravatar.com\/avatar\/c46849f5dee5060ebc9f63f2434fb89c496cdde2d971d8684cb05ccf66e9936c?s=96&d=mm&r=g","contentUrl":"https:\/\/secure.gravatar.com\/avatar\/c46849f5dee5060ebc9f63f2434fb89c496cdde2d971d8684cb05ccf66e9936c?s=96&d=mm&r=g","caption":"admin"},"sameAs":["https:\/\/www.kein-alter-hut.de"],"url":"https:\/\/www.kein-alter-hut.de\/index.php\/author\/sven\/"}]}},"_links":{"self":[{"href":"https:\/\/www.kein-alter-hut.de\/index.php\/wp-json\/wp\/v2\/posts\/188","targetHints":{"allow":["GET"]}}],"collection":[{"href":"https:\/\/www.kein-alter-hut.de\/index.php\/wp-json\/wp\/v2\/posts"}],"about":[{"href":"https:\/\/www.kein-alter-hut.de\/index.php\/wp-json\/wp\/v2\/types\/post"}],"author":[{"embeddable":true,"href":"https:\/\/www.kein-alter-hut.de\/index.php\/wp-json\/wp\/v2\/users\/1"}],"replies":[{"embeddable":true,"href":"https:\/\/www.kein-alter-hut.de\/index.php\/wp-json\/wp\/v2\/comments?post=188"}],"version-history":[{"count":1,"href":"https:\/\/www.kein-alter-hut.de\/index.php\/wp-json\/wp\/v2\/posts\/188\/revisions"}],"predecessor-version":[{"id":198,"href":"https:\/\/www.kein-alter-hut.de\/index.php\/wp-json\/wp\/v2\/posts\/188\/revisions\/198"}],"wp:featuredmedia":[{"embeddable":true,"href":"https:\/\/www.kein-alter-hut.de\/index.php\/wp-json\/wp\/v2\/media\/197"}],"wp:attachment":[{"href":"https:\/\/www.kein-alter-hut.de\/index.php\/wp-json\/wp\/v2\/media?parent=188"}],"wp:term":[{"taxonomy":"category","embeddable":true,"href":"https:\/\/www.kein-alter-hut.de\/index.php\/wp-json\/wp\/v2\/categories?post=188"},{"taxonomy":"post_tag","embeddable":true,"href":"https:\/\/www.kein-alter-hut.de\/index.php\/wp-json\/wp\/v2\/tags?post=188"}],"curies":[{"name":"wp","href":"https:\/\/api.w.org\/{rel}","templated":true}]}}