{"id":199,"date":"2022-10-16T10:53:00","date_gmt":"2022-10-16T10:53:00","guid":{"rendered":"https:\/\/www.kein-alter-hut.de\/?p=199"},"modified":"2022-11-08T09:25:13","modified_gmt":"2022-11-08T09:25:13","slug":"saleh-fragt-meyer","status":"publish","type":"post","link":"https:\/\/www.kein-alter-hut.de\/index.php\/2022\/10\/16\/saleh-fragt-meyer\/","title":{"rendered":"Saleh fragt Meyer"},"content":{"rendered":"\n<p>Eine neue Folge von Raed Salehs <strong><a href=\"https:\/\/www.raed-saleh.de\/meine-podcasts\">@raed_saleh_berlin<\/a><\/strong> Podcast ist drau\u00dfen!<\/p>\n\n\n\n<p>Sven Meyer. Ein leidenschaftlicher K\u00e4mpfer f\u00fcr gute, richtig gute Arbeit. Schon die Vorfahren meines diesmaligen Podcast-Gastes haben in Tegel gelebt und gearbeitet, genauer gesagt in den Borsigwerken. Heute grenzt sein Wahlkreis Reinickendorf 4 (Wittenau, Waidmannslust, Borisgwalde und Tegel Ost) direkt an die alte Betriebsst\u00e4tte seines Gro\u00dfvaters und auch Vaters. Die Rede ist von unserem neuen arbeitspolitischen Sprecher, Sven Meyer, 46 Jahre alt, der \u00fcber die Landesliste im September 2021 ins Abgeordnetenhaus eingezogen ist. Sein Kiez ist Symbol f\u00fcr die industrielle Revolution und den Aufstieg Berlins. Heute ist hier der internationale Internet-Gigant AMAZON beheimatet. Sven berichtet offen von seiner Wahrnehmung des vollzogenen Rollenwechsel vom Gewerkschafter zum Parlamentarier.<\/p>\n\n\n\n<p>Und wie in so vielen anderen Kiezen Berlins, tobt auch hier der Kampf der Mieter:innen f\u00fcr ihr Grundrecht auf Wohnen gegen die Gentrifizierung. Warum f\u00fcr Sven die Mobilit\u00e4tswende in den Au\u00dfenbezirken beginnt, h\u00f6rt ihr in dieser Folge!<\/p>\n","protected":false},"excerpt":{"rendered":"<p>Eine neue Folge von Raed Salehs @raed_saleh_berlin Podcast ist drau\u00dfen! Sven Meyer. Ein leidenschaftlicher K\u00e4mpfer f\u00fcr gute, richtig gute Arbeit. Schon die Vorfahren meines diesmaligen Podcast-Gastes haben in Tegel gelebt und gearbeitet, genauer gesagt&#46;&#46;&#46;<\/p>\n","protected":false},"author":1,"featured_media":200,"comment_status":"open","ping_status":"closed","sticky":false,"template":"","format":"standard","meta":{"footnotes":""},"categories":[4],"tags":[],"class_list":["post-199","post","type-post","status-publish","format-standard","has-post-thumbnail","hentry","category-allgemein"],"yoast_head":"<!-- This site is optimized with the Yoast SEO plugin v27.5 - https:\/\/yoast.com\/product\/yoast-seo-wordpress\/ -->\n<title>Saleh fragt Meyer - Sven Meyer MdA<\/title>\n<meta name=\"robots\" content=\"index, follow, max-snippet:-1, max-image-preview:large, max-video-preview:-1\" \/>\n<link rel=\"canonical\" href=\"https:\/\/www.kein-alter-hut.de\/index.php\/2022\/10\/16\/saleh-fragt-meyer\/\" \/>\n<meta property=\"og:locale\" content=\"de_DE\" \/>\n<meta property=\"og:type\" content=\"article\" \/>\n<meta property=\"og:title\" content=\"Saleh fragt Meyer - Sven Meyer MdA\" \/>\n<meta property=\"og:description\" content=\"Eine neue Folge von Raed Salehs @raed_saleh_berlin Podcast ist drau\u00dfen! Sven Meyer. Ein leidenschaftlicher K\u00e4mpfer f\u00fcr gute, richtig gute Arbeit. Schon die Vorfahren meines diesmaligen Podcast-Gastes haben in Tegel gelebt und gearbeitet, genauer gesagt&#046;&#046;&#046;\" \/>\n<meta property=\"og:url\" content=\"https:\/\/www.kein-alter-hut.de\/index.php\/2022\/10\/16\/saleh-fragt-meyer\/\" \/>\n<meta property=\"og:site_name\" content=\"Sven Meyer MdA\" \/>\n<meta property=\"article:publisher\" content=\"https:\/\/www.facebook.com\/SvenMeyerReinickendorf\/\" \/>\n<meta property=\"article:published_time\" content=\"2022-10-16T10:53:00+00:00\" \/>\n<meta property=\"article:modified_time\" content=\"2022-11-08T09:25:13+00:00\" \/>\n<meta property=\"og:image\" content=\"https:\/\/www.kein-alter-hut.de\/wp-content\/uploads\/2022\/10\/grafik-4-1.png\" \/>\n\t<meta property=\"og:image:width\" content=\"497\" \/>\n\t<meta property=\"og:image:height\" content=\"496\" \/>\n\t<meta property=\"og:image:type\" content=\"image\/png\" \/>\n<meta name=\"author\" content=\"admin\" \/>\n<meta name=\"twitter:card\" content=\"summary_large_image\" \/>\n<meta name=\"twitter:label1\" content=\"Verfasst von\" \/>\n\t<meta name=\"twitter:data1\" content=\"admin\" \/>\n\t<meta name=\"twitter:label2\" content=\"Gesch\u00e4tzte Lesezeit\" \/>\n\t<meta name=\"twitter:data2\" content=\"1\u00a0Minute\" \/>\n<script type=\"application\/ld+json\" class=\"yoast-schema-graph\">{\"@context\":\"https:\\\/\\\/schema.org\",\"@graph\":[{\"@type\":\"Article\",\"@id\":\"https:\\\/\\\/www.kein-alter-hut.de\\\/index.php\\\/2022\\\/10\\\/16\\\/saleh-fragt-meyer\\\/#article\",\"isPartOf\":{\"@id\":\"https:\\\/\\\/www.kein-alter-hut.de\\\/index.php\\\/2022\\\/10\\\/16\\\/saleh-fragt-meyer\\\/\"},\"author\":{\"name\":\"admin\",\"@id\":\"https:\\\/\\\/www.kein-alter-hut.de\\\/#\\\/schema\\\/person\\\/0e854002ba9ffda5baf08e0f9af0ce1c\"},\"headline\":\"Saleh fragt Meyer\",\"datePublished\":\"2022-10-16T10:53:00+00:00\",\"dateModified\":\"2022-11-08T09:25:13+00:00\",\"mainEntityOfPage\":{\"@id\":\"https:\\\/\\\/www.kein-alter-hut.de\\\/index.php\\\/2022\\\/10\\\/16\\\/saleh-fragt-meyer\\\/\"},\"wordCount\":167,\"commentCount\":0,\"image\":{\"@id\":\"https:\\\/\\\/www.kein-alter-hut.de\\\/index.php\\\/2022\\\/10\\\/16\\\/saleh-fragt-meyer\\\/#primaryimage\"},\"thumbnailUrl\":\"https:\\\/\\\/www.kein-alter-hut.de\\\/wp-content\\\/uploads\\\/2022\\\/10\\\/grafik-4-1.png\",\"inLanguage\":\"de\",\"potentialAction\":[{\"@type\":\"CommentAction\",\"name\":\"Comment\",\"target\":[\"https:\\\/\\\/www.kein-alter-hut.de\\\/index.php\\\/2022\\\/10\\\/16\\\/saleh-fragt-meyer\\\/#respond\"]}]},{\"@type\":\"WebPage\",\"@id\":\"https:\\\/\\\/www.kein-alter-hut.de\\\/index.php\\\/2022\\\/10\\\/16\\\/saleh-fragt-meyer\\\/\",\"url\":\"https:\\\/\\\/www.kein-alter-hut.de\\\/index.php\\\/2022\\\/10\\\/16\\\/saleh-fragt-meyer\\\/\",\"name\":\"Saleh fragt Meyer - Sven Meyer MdA\",\"isPartOf\":{\"@id\":\"https:\\\/\\\/www.kein-alter-hut.de\\\/#website\"},\"primaryImageOfPage\":{\"@id\":\"https:\\\/\\\/www.kein-alter-hut.de\\\/index.php\\\/2022\\\/10\\\/16\\\/saleh-fragt-meyer\\\/#primaryimage\"},\"image\":{\"@id\":\"https:\\\/\\\/www.kein-alter-hut.de\\\/index.php\\\/2022\\\/10\\\/16\\\/saleh-fragt-meyer\\\/#primaryimage\"},\"thumbnailUrl\":\"https:\\\/\\\/www.kein-alter-hut.de\\\/wp-content\\\/uploads\\\/2022\\\/10\\\/grafik-4-1.png\",\"datePublished\":\"2022-10-16T10:53:00+00:00\",\"dateModified\":\"2022-11-08T09:25:13+00:00\",\"author\":{\"@id\":\"https:\\\/\\\/www.kein-alter-hut.de\\\/#\\\/schema\\\/person\\\/0e854002ba9ffda5baf08e0f9af0ce1c\"},\"breadcrumb\":{\"@id\":\"https:\\\/\\\/www.kein-alter-hut.de\\\/index.php\\\/2022\\\/10\\\/16\\\/saleh-fragt-meyer\\\/#breadcrumb\"},\"inLanguage\":\"de\",\"potentialAction\":[{\"@type\":\"ReadAction\",\"target\":[\"https:\\\/\\\/www.kein-alter-hut.de\\\/index.php\\\/2022\\\/10\\\/16\\\/saleh-fragt-meyer\\\/\"]}]},{\"@type\":\"ImageObject\",\"inLanguage\":\"de\",\"@id\":\"https:\\\/\\\/www.kein-alter-hut.de\\\/index.php\\\/2022\\\/10\\\/16\\\/saleh-fragt-meyer\\\/#primaryimage\",\"url\":\"https:\\\/\\\/www.kein-alter-hut.de\\\/wp-content\\\/uploads\\\/2022\\\/10\\\/grafik-4-1.png\",\"contentUrl\":\"https:\\\/\\\/www.kein-alter-hut.de\\\/wp-content\\\/uploads\\\/2022\\\/10\\\/grafik-4-1.png\",\"width\":497,\"height\":496},{\"@type\":\"BreadcrumbList\",\"@id\":\"https:\\\/\\\/www.kein-alter-hut.de\\\/index.php\\\/2022\\\/10\\\/16\\\/saleh-fragt-meyer\\\/#breadcrumb\",\"itemListElement\":[{\"@type\":\"ListItem\",\"position\":1,\"name\":\"Startseite\",\"item\":\"https:\\\/\\\/www.kein-alter-hut.de\\\/\"},{\"@type\":\"ListItem\",\"position\":2,\"name\":\"Saleh fragt Meyer\"}]},{\"@type\":\"WebSite\",\"@id\":\"https:\\\/\\\/www.kein-alter-hut.de\\\/#website\",\"url\":\"https:\\\/\\\/www.kein-alter-hut.de\\\/\",\"name\":\"Sven Meyer MdA\",\"description\":\"Sven Meyer - Ihr Abgeordneter f\u00fcr Wittenau, Waidmannslust, Borsigwalde und Tegel\",\"potentialAction\":[{\"@type\":\"SearchAction\",\"target\":{\"@type\":\"EntryPoint\",\"urlTemplate\":\"https:\\\/\\\/www.kein-alter-hut.de\\\/?s={search_term_string}\"},\"query-input\":{\"@type\":\"PropertyValueSpecification\",\"valueRequired\":true,\"valueName\":\"search_term_string\"}}],\"inLanguage\":\"de\"},{\"@type\":\"Person\",\"@id\":\"https:\\\/\\\/www.kein-alter-hut.de\\\/#\\\/schema\\\/person\\\/0e854002ba9ffda5baf08e0f9af0ce1c\",\"name\":\"admin\",\"image\":{\"@type\":\"ImageObject\",\"inLanguage\":\"de\",\"@id\":\"https:\\\/\\\/secure.gravatar.com\\\/avatar\\\/c46849f5dee5060ebc9f63f2434fb89c496cdde2d971d8684cb05ccf66e9936c?s=96&d=mm&r=g\",\"url\":\"https:\\\/\\\/secure.gravatar.com\\\/avatar\\\/c46849f5dee5060ebc9f63f2434fb89c496cdde2d971d8684cb05ccf66e9936c?s=96&d=mm&r=g\",\"contentUrl\":\"https:\\\/\\\/secure.gravatar.com\\\/avatar\\\/c46849f5dee5060ebc9f63f2434fb89c496cdde2d971d8684cb05ccf66e9936c?s=96&d=mm&r=g\",\"caption\":\"admin\"},\"sameAs\":[\"https:\\\/\\\/www.kein-alter-hut.de\"],\"url\":\"https:\\\/\\\/www.kein-alter-hut.de\\\/index.php\\\/author\\\/sven\\\/\"}]}<\/script>\n<!-- \/ Yoast SEO plugin. -->","yoast_head_json":{"title":"Saleh fragt Meyer - Sven Meyer MdA","robots":{"index":"index","follow":"follow","max-snippet":"max-snippet:-1","max-image-preview":"max-image-preview:large","max-video-preview":"max-video-preview:-1"},"canonical":"https:\/\/www.kein-alter-hut.de\/index.php\/2022\/10\/16\/saleh-fragt-meyer\/","og_locale":"de_DE","og_type":"article","og_title":"Saleh fragt Meyer - Sven Meyer MdA","og_description":"Eine neue Folge von Raed Salehs @raed_saleh_berlin Podcast ist drau\u00dfen! Sven Meyer. Ein leidenschaftlicher K\u00e4mpfer f\u00fcr gute, richtig gute Arbeit. Schon die Vorfahren meines diesmaligen Podcast-Gastes haben in Tegel gelebt und gearbeitet, genauer gesagt&#46;&#46;&#46;","og_url":"https:\/\/www.kein-alter-hut.de\/index.php\/2022\/10\/16\/saleh-fragt-meyer\/","og_site_name":"Sven Meyer MdA","article_publisher":"https:\/\/www.facebook.com\/SvenMeyerReinickendorf\/","article_published_time":"2022-10-16T10:53:00+00:00","article_modified_time":"2022-11-08T09:25:13+00:00","og_image":[{"width":497,"height":496,"url":"https:\/\/www.kein-alter-hut.de\/wp-content\/uploads\/2022\/10\/grafik-4-1.png","type":"image\/png"}],"author":"admin","twitter_card":"summary_large_image","twitter_misc":{"Verfasst von":"admin","Gesch\u00e4tzte Lesezeit":"1\u00a0Minute"},"schema":{"@context":"https:\/\/schema.org","@graph":[{"@type":"Article","@id":"https:\/\/www.kein-alter-hut.de\/index.php\/2022\/10\/16\/saleh-fragt-meyer\/#article","isPartOf":{"@id":"https:\/\/www.kein-alter-hut.de\/index.php\/2022\/10\/16\/saleh-fragt-meyer\/"},"author":{"name":"admin","@id":"https:\/\/www.kein-alter-hut.de\/#\/schema\/person\/0e854002ba9ffda5baf08e0f9af0ce1c"},"headline":"Saleh fragt Meyer","datePublished":"2022-10-16T10:53:00+00:00","dateModified":"2022-11-08T09:25:13+00:00","mainEntityOfPage":{"@id":"https:\/\/www.kein-alter-hut.de\/index.php\/2022\/10\/16\/saleh-fragt-meyer\/"},"wordCount":167,"commentCount":0,"image":{"@id":"https:\/\/www.kein-alter-hut.de\/index.php\/2022\/10\/16\/saleh-fragt-meyer\/#primaryimage"},"thumbnailUrl":"https:\/\/www.kein-alter-hut.de\/wp-content\/uploads\/2022\/10\/grafik-4-1.png","inLanguage":"de","potentialAction":[{"@type":"CommentAction","name":"Comment","target":["https:\/\/www.kein-alter-hut.de\/index.php\/2022\/10\/16\/saleh-fragt-meyer\/#respond"]}]},{"@type":"WebPage","@id":"https:\/\/www.kein-alter-hut.de\/index.php\/2022\/10\/16\/saleh-fragt-meyer\/","url":"https:\/\/www.kein-alter-hut.de\/index.php\/2022\/10\/16\/saleh-fragt-meyer\/","name":"Saleh fragt Meyer - Sven Meyer MdA","isPartOf":{"@id":"https:\/\/www.kein-alter-hut.de\/#website"},"primaryImageOfPage":{"@id":"https:\/\/www.kein-alter-hut.de\/index.php\/2022\/10\/16\/saleh-fragt-meyer\/#primaryimage"},"image":{"@id":"https:\/\/www.kein-alter-hut.de\/index.php\/2022\/10\/16\/saleh-fragt-meyer\/#primaryimage"},"thumbnailUrl":"https:\/\/www.kein-alter-hut.de\/wp-content\/uploads\/2022\/10\/grafik-4-1.png","datePublished":"2022-10-16T10:53:00+00:00","dateModified":"2022-11-08T09:25:13+00:00","author":{"@id":"https:\/\/www.kein-alter-hut.de\/#\/schema\/person\/0e854002ba9ffda5baf08e0f9af0ce1c"},"breadcrumb":{"@id":"https:\/\/www.kein-alter-hut.de\/index.php\/2022\/10\/16\/saleh-fragt-meyer\/#breadcrumb"},"inLanguage":"de","potentialAction":[{"@type":"ReadAction","target":["https:\/\/www.kein-alter-hut.de\/index.php\/2022\/10\/16\/saleh-fragt-meyer\/"]}]},{"@type":"ImageObject","inLanguage":"de","@id":"https:\/\/www.kein-alter-hut.de\/index.php\/2022\/10\/16\/saleh-fragt-meyer\/#primaryimage","url":"https:\/\/www.kein-alter-hut.de\/wp-content\/uploads\/2022\/10\/grafik-4-1.png","contentUrl":"https:\/\/www.kein-alter-hut.de\/wp-content\/uploads\/2022\/10\/grafik-4-1.png","width":497,"height":496},{"@type":"BreadcrumbList","@id":"https:\/\/www.kein-alter-hut.de\/index.php\/2022\/10\/16\/saleh-fragt-meyer\/#breadcrumb","itemListElement":[{"@type":"ListItem","position":1,"name":"Startseite","item":"https:\/\/www.kein-alter-hut.de\/"},{"@type":"ListItem","position":2,"name":"Saleh fragt Meyer"}]},{"@type":"WebSite","@id":"https:\/\/www.kein-alter-hut.de\/#website","url":"https:\/\/www.kein-alter-hut.de\/","name":"Sven Meyer MdA","description":"Sven Meyer - Ihr Abgeordneter f\u00fcr Wittenau, Waidmannslust, Borsigwalde und Tegel","potentialAction":[{"@type":"SearchAction","target":{"@type":"EntryPoint","urlTemplate":"https:\/\/www.kein-alter-hut.de\/?s={search_term_string}"},"query-input":{"@type":"PropertyValueSpecification","valueRequired":true,"valueName":"search_term_string"}}],"inLanguage":"de"},{"@type":"Person","@id":"https:\/\/www.kein-alter-hut.de\/#\/schema\/person\/0e854002ba9ffda5baf08e0f9af0ce1c","name":"admin","image":{"@type":"ImageObject","inLanguage":"de","@id":"https:\/\/secure.gravatar.com\/avatar\/c46849f5dee5060ebc9f63f2434fb89c496cdde2d971d8684cb05ccf66e9936c?s=96&d=mm&r=g","url":"https:\/\/secure.gravatar.com\/avatar\/c46849f5dee5060ebc9f63f2434fb89c496cdde2d971d8684cb05ccf66e9936c?s=96&d=mm&r=g","contentUrl":"https:\/\/secure.gravatar.com\/avatar\/c46849f5dee5060ebc9f63f2434fb89c496cdde2d971d8684cb05ccf66e9936c?s=96&d=mm&r=g","caption":"admin"},"sameAs":["https:\/\/www.kein-alter-hut.de"],"url":"https:\/\/www.kein-alter-hut.de\/index.php\/author\/sven\/"}]}},"_links":{"self":[{"href":"https:\/\/www.kein-alter-hut.de\/index.php\/wp-json\/wp\/v2\/posts\/199","targetHints":{"allow":["GET"]}}],"collection":[{"href":"https:\/\/www.kein-alter-hut.de\/index.php\/wp-json\/wp\/v2\/posts"}],"about":[{"href":"https:\/\/www.kein-alter-hut.de\/index.php\/wp-json\/wp\/v2\/types\/post"}],"author":[{"embeddable":true,"href":"https:\/\/www.kein-alter-hut.de\/index.php\/wp-json\/wp\/v2\/users\/1"}],"replies":[{"embeddable":true,"href":"https:\/\/www.kein-alter-hut.de\/index.php\/wp-json\/wp\/v2\/comments?post=199"}],"version-history":[{"count":1,"href":"https:\/\/www.kein-alter-hut.de\/index.php\/wp-json\/wp\/v2\/posts\/199\/revisions"}],"predecessor-version":[{"id":201,"href":"https:\/\/www.kein-alter-hut.de\/index.php\/wp-json\/wp\/v2\/posts\/199\/revisions\/201"}],"wp:featuredmedia":[{"embeddable":true,"href":"https:\/\/www.kein-alter-hut.de\/index.php\/wp-json\/wp\/v2\/media\/200"}],"wp:attachment":[{"href":"https:\/\/www.kein-alter-hut.de\/index.php\/wp-json\/wp\/v2\/media?parent=199"}],"wp:term":[{"taxonomy":"category","embeddable":true,"href":"https:\/\/www.kein-alter-hut.de\/index.php\/wp-json\/wp\/v2\/categories?post=199"},{"taxonomy":"post_tag","embeddable":true,"href":"https:\/\/www.kein-alter-hut.de\/index.php\/wp-json\/wp\/v2\/tags?post=199"}],"curies":[{"name":"wp","href":"https:\/\/api.w.org\/{rel}","templated":true}]}}