{"id":2162,"date":"2024-05-16T11:51:14","date_gmt":"2024-05-16T11:51:14","guid":{"rendered":"https:\/\/www.kein-alter-hut.de\/?p=2162"},"modified":"2024-05-16T11:51:35","modified_gmt":"2024-05-16T11:51:35","slug":"ambulante-pflege","status":"publish","type":"post","link":"https:\/\/www.kein-alter-hut.de\/index.php\/2024\/05\/16\/ambulante-pflege\/","title":{"rendered":"Ambulante Pflege"},"content":{"rendered":"\n<p><strong>N\u00e4chster Teil unseres Veranstaltungszyklus&#8216; zum Thema Pflege<\/strong><\/p>\n\n\n<div class=\"wp-block-image\">\n<figure class=\"alignleft size-large is-resized\"><a href=\"https:\/\/www.kein-alter-hut.de\/wp-content\/uploads\/2024\/05\/Stadtteiltag-11.11.2022--scaled.jpeg\"><img fetchpriority=\"high\" decoding=\"async\" width=\"730\" height=\"1024\" src=\"https:\/\/www.kein-alter-hut.de\/wp-content\/uploads\/2024\/05\/Stadtteiltag-11.11.2022--730x1024.jpeg\" alt=\"\" class=\"wp-image-2163\" style=\"width:406px;height:auto\" srcset=\"https:\/\/www.kein-alter-hut.de\/wp-content\/uploads\/2024\/05\/Stadtteiltag-11.11.2022--730x1024.jpeg 730w, https:\/\/www.kein-alter-hut.de\/wp-content\/uploads\/2024\/05\/Stadtteiltag-11.11.2022--214x300.jpeg 214w, https:\/\/www.kein-alter-hut.de\/wp-content\/uploads\/2024\/05\/Stadtteiltag-11.11.2022--768x1078.jpeg 768w, https:\/\/www.kein-alter-hut.de\/wp-content\/uploads\/2024\/05\/Stadtteiltag-11.11.2022--1095x1536.jpeg 1095w, https:\/\/www.kein-alter-hut.de\/wp-content\/uploads\/2024\/05\/Stadtteiltag-11.11.2022--1460x2048.jpeg 1460w, https:\/\/www.kein-alter-hut.de\/wp-content\/uploads\/2024\/05\/Stadtteiltag-11.11.2022--scaled.jpeg 1824w\" sizes=\"(max-width: 730px) 100vw, 730px\" \/><\/a><\/figure>\n<\/div>\n\n\n<p>Nachdem die Teilnehmer:innen w\u00e4hrend unserer vergangenen Diskussionen wiederholt auf die prek\u00e4re Situation der h\u00e4uslichen Pflege und den daraus resultierenden Verlust der eigenen Wohnung vieler Betroffener, m\u00f6chten wir nun die M\u00f6glichkeiten zu einer Verbesserung des bestehenden Zustands er\u00f6rtern. Dazu haben Thomas Koch und Sven Meyer Frau Dr. Astrid Eich-Krom eingeladen, um mit ihr und Ihnen \u00fcber die Pflege in den eigenen vier W\u00e4nden und wie sie zum m\u00f6glichst langen Verbleib in der gewohnten Umgebung beitragen kann zu diskutieren.<\/p>\n\n\n\n<p>Kommen Sie mit Ihren Fragen, Erfahrungen und Anregungen, am <\/p>\n\n\n\n<p class=\"has-text-align-center has-vivid-red-color has-text-color has-link-color wp-elements-92a06b0196c87cb3f3c59f3416afc8a1\"><strong>Freitag, den 17.Mai 2024 um 18 Uhr<br>ins B\u00fcrgerb\u00fcro Sven Meyer MdA<br>Gru\u00dfdorfstr. 16 in 13507 Berlin-Tegel.<\/strong><\/p>\n","protected":false},"excerpt":{"rendered":"<p>N\u00e4chster Teil unseres Veranstaltungszyklus&#8216; zum Thema Pflege Nachdem die Teilnehmer:innen w\u00e4hrend unserer vergangenen Diskussionen wiederholt auf die prek\u00e4re Situation der h\u00e4uslichen Pflege und den daraus resultierenden Verlust der eigenen Wohnung vieler Betroffener, m\u00f6chten wir&#46;&#46;&#46;<\/p>\n","protected":false},"author":1,"featured_media":2164,"comment_status":"open","ping_status":"closed","sticky":false,"template":"","format":"standard","meta":{"footnotes":""},"categories":[4,6],"tags":[],"class_list":["post-2162","post","type-post","status-publish","format-standard","has-post-thumbnail","hentry","category-allgemein","category-tegel"],"yoast_head":"<!-- This site is optimized with the Yoast SEO plugin v27.5 - https:\/\/yoast.com\/product\/yoast-seo-wordpress\/ -->\n<title>Ambulante Pflege - Sven Meyer MdA<\/title>\n<meta name=\"robots\" content=\"index, follow, max-snippet:-1, max-image-preview:large, max-video-preview:-1\" \/>\n<link rel=\"canonical\" href=\"https:\/\/www.kein-alter-hut.de\/index.php\/2024\/05\/16\/ambulante-pflege\/\" \/>\n<meta property=\"og:locale\" content=\"de_DE\" \/>\n<meta property=\"og:type\" content=\"article\" \/>\n<meta property=\"og:title\" content=\"Ambulante Pflege - Sven Meyer MdA\" \/>\n<meta property=\"og:description\" content=\"N\u00e4chster Teil unseres Veranstaltungszyklus&#8216; zum Thema Pflege Nachdem die Teilnehmer:innen w\u00e4hrend unserer vergangenen Diskussionen wiederholt auf die prek\u00e4re Situation der h\u00e4uslichen Pflege und den daraus resultierenden Verlust der eigenen Wohnung vieler Betroffener, m\u00f6chten wir&#046;&#046;&#046;\" \/>\n<meta property=\"og:url\" content=\"https:\/\/www.kein-alter-hut.de\/index.php\/2024\/05\/16\/ambulante-pflege\/\" \/>\n<meta property=\"og:site_name\" content=\"Sven Meyer MdA\" \/>\n<meta property=\"article:publisher\" content=\"https:\/\/www.facebook.com\/SvenMeyerReinickendorf\/\" \/>\n<meta property=\"article:published_time\" content=\"2024-05-16T11:51:14+00:00\" \/>\n<meta property=\"article:modified_time\" content=\"2024-05-16T11:51:35+00:00\" \/>\n<meta property=\"og:image\" content=\"https:\/\/www.kein-alter-hut.de\/wp-content\/uploads\/2024\/05\/Stadtteiltag-11.11.2022_klein.jpeg\" \/>\n\t<meta property=\"og:image:width\" content=\"2324\" \/>\n\t<meta property=\"og:image:height\" content=\"564\" \/>\n\t<meta property=\"og:image:type\" content=\"image\/jpeg\" \/>\n<meta name=\"author\" content=\"admin\" \/>\n<meta name=\"twitter:card\" content=\"summary_large_image\" \/>\n<meta name=\"twitter:label1\" content=\"Verfasst von\" \/>\n\t<meta name=\"twitter:data1\" content=\"admin\" \/>\n\t<meta name=\"twitter:label2\" content=\"Gesch\u00e4tzte Lesezeit\" \/>\n\t<meta name=\"twitter:data2\" content=\"2\u00a0Minuten\" \/>\n<script type=\"application\/ld+json\" class=\"yoast-schema-graph\">{\"@context\":\"https:\\\/\\\/schema.org\",\"@graph\":[{\"@type\":\"Article\",\"@id\":\"https:\\\/\\\/www.kein-alter-hut.de\\\/index.php\\\/2024\\\/05\\\/16\\\/ambulante-pflege\\\/#article\",\"isPartOf\":{\"@id\":\"https:\\\/\\\/www.kein-alter-hut.de\\\/index.php\\\/2024\\\/05\\\/16\\\/ambulante-pflege\\\/\"},\"author\":{\"name\":\"admin\",\"@id\":\"https:\\\/\\\/www.kein-alter-hut.de\\\/#\\\/schema\\\/person\\\/0e854002ba9ffda5baf08e0f9af0ce1c\"},\"headline\":\"Ambulante Pflege\",\"datePublished\":\"2024-05-16T11:51:14+00:00\",\"dateModified\":\"2024-05-16T11:51:35+00:00\",\"mainEntityOfPage\":{\"@id\":\"https:\\\/\\\/www.kein-alter-hut.de\\\/index.php\\\/2024\\\/05\\\/16\\\/ambulante-pflege\\\/\"},\"wordCount\":119,\"commentCount\":0,\"image\":{\"@id\":\"https:\\\/\\\/www.kein-alter-hut.de\\\/index.php\\\/2024\\\/05\\\/16\\\/ambulante-pflege\\\/#primaryimage\"},\"thumbnailUrl\":\"https:\\\/\\\/www.kein-alter-hut.de\\\/wp-content\\\/uploads\\\/2024\\\/05\\\/Stadtteiltag-11.11.2022_klein.jpeg\",\"articleSection\":{\"1\":\"Tegel\"},\"inLanguage\":\"de\",\"potentialAction\":[{\"@type\":\"CommentAction\",\"name\":\"Comment\",\"target\":[\"https:\\\/\\\/www.kein-alter-hut.de\\\/index.php\\\/2024\\\/05\\\/16\\\/ambulante-pflege\\\/#respond\"]}]},{\"@type\":\"WebPage\",\"@id\":\"https:\\\/\\\/www.kein-alter-hut.de\\\/index.php\\\/2024\\\/05\\\/16\\\/ambulante-pflege\\\/\",\"url\":\"https:\\\/\\\/www.kein-alter-hut.de\\\/index.php\\\/2024\\\/05\\\/16\\\/ambulante-pflege\\\/\",\"name\":\"Ambulante Pflege - Sven Meyer MdA\",\"isPartOf\":{\"@id\":\"https:\\\/\\\/www.kein-alter-hut.de\\\/#website\"},\"primaryImageOfPage\":{\"@id\":\"https:\\\/\\\/www.kein-alter-hut.de\\\/index.php\\\/2024\\\/05\\\/16\\\/ambulante-pflege\\\/#primaryimage\"},\"image\":{\"@id\":\"https:\\\/\\\/www.kein-alter-hut.de\\\/index.php\\\/2024\\\/05\\\/16\\\/ambulante-pflege\\\/#primaryimage\"},\"thumbnailUrl\":\"https:\\\/\\\/www.kein-alter-hut.de\\\/wp-content\\\/uploads\\\/2024\\\/05\\\/Stadtteiltag-11.11.2022_klein.jpeg\",\"datePublished\":\"2024-05-16T11:51:14+00:00\",\"dateModified\":\"2024-05-16T11:51:35+00:00\",\"author\":{\"@id\":\"https:\\\/\\\/www.kein-alter-hut.de\\\/#\\\/schema\\\/person\\\/0e854002ba9ffda5baf08e0f9af0ce1c\"},\"breadcrumb\":{\"@id\":\"https:\\\/\\\/www.kein-alter-hut.de\\\/index.php\\\/2024\\\/05\\\/16\\\/ambulante-pflege\\\/#breadcrumb\"},\"inLanguage\":\"de\",\"potentialAction\":[{\"@type\":\"ReadAction\",\"target\":[\"https:\\\/\\\/www.kein-alter-hut.de\\\/index.php\\\/2024\\\/05\\\/16\\\/ambulante-pflege\\\/\"]}]},{\"@type\":\"ImageObject\",\"inLanguage\":\"de\",\"@id\":\"https:\\\/\\\/www.kein-alter-hut.de\\\/index.php\\\/2024\\\/05\\\/16\\\/ambulante-pflege\\\/#primaryimage\",\"url\":\"https:\\\/\\\/www.kein-alter-hut.de\\\/wp-content\\\/uploads\\\/2024\\\/05\\\/Stadtteiltag-11.11.2022_klein.jpeg\",\"contentUrl\":\"https:\\\/\\\/www.kein-alter-hut.de\\\/wp-content\\\/uploads\\\/2024\\\/05\\\/Stadtteiltag-11.11.2022_klein.jpeg\",\"width\":2324,\"height\":564},{\"@type\":\"BreadcrumbList\",\"@id\":\"https:\\\/\\\/www.kein-alter-hut.de\\\/index.php\\\/2024\\\/05\\\/16\\\/ambulante-pflege\\\/#breadcrumb\",\"itemListElement\":[{\"@type\":\"ListItem\",\"position\":1,\"name\":\"Startseite\",\"item\":\"https:\\\/\\\/www.kein-alter-hut.de\\\/\"},{\"@type\":\"ListItem\",\"position\":2,\"name\":\"Ambulante Pflege\"}]},{\"@type\":\"WebSite\",\"@id\":\"https:\\\/\\\/www.kein-alter-hut.de\\\/#website\",\"url\":\"https:\\\/\\\/www.kein-alter-hut.de\\\/\",\"name\":\"Sven Meyer MdA\",\"description\":\"Sven Meyer - Ihr Abgeordneter f\u00fcr Wittenau, Waidmannslust, Borsigwalde und Tegel\",\"potentialAction\":[{\"@type\":\"SearchAction\",\"target\":{\"@type\":\"EntryPoint\",\"urlTemplate\":\"https:\\\/\\\/www.kein-alter-hut.de\\\/?s={search_term_string}\"},\"query-input\":{\"@type\":\"PropertyValueSpecification\",\"valueRequired\":true,\"valueName\":\"search_term_string\"}}],\"inLanguage\":\"de\"},{\"@type\":\"Person\",\"@id\":\"https:\\\/\\\/www.kein-alter-hut.de\\\/#\\\/schema\\\/person\\\/0e854002ba9ffda5baf08e0f9af0ce1c\",\"name\":\"admin\",\"image\":{\"@type\":\"ImageObject\",\"inLanguage\":\"de\",\"@id\":\"https:\\\/\\\/secure.gravatar.com\\\/avatar\\\/c46849f5dee5060ebc9f63f2434fb89c496cdde2d971d8684cb05ccf66e9936c?s=96&d=mm&r=g\",\"url\":\"https:\\\/\\\/secure.gravatar.com\\\/avatar\\\/c46849f5dee5060ebc9f63f2434fb89c496cdde2d971d8684cb05ccf66e9936c?s=96&d=mm&r=g\",\"contentUrl\":\"https:\\\/\\\/secure.gravatar.com\\\/avatar\\\/c46849f5dee5060ebc9f63f2434fb89c496cdde2d971d8684cb05ccf66e9936c?s=96&d=mm&r=g\",\"caption\":\"admin\"},\"sameAs\":[\"https:\\\/\\\/www.kein-alter-hut.de\"],\"url\":\"https:\\\/\\\/www.kein-alter-hut.de\\\/index.php\\\/author\\\/sven\\\/\"}]}<\/script>\n<!-- \/ Yoast SEO plugin. -->","yoast_head_json":{"title":"Ambulante Pflege - Sven Meyer MdA","robots":{"index":"index","follow":"follow","max-snippet":"max-snippet:-1","max-image-preview":"max-image-preview:large","max-video-preview":"max-video-preview:-1"},"canonical":"https:\/\/www.kein-alter-hut.de\/index.php\/2024\/05\/16\/ambulante-pflege\/","og_locale":"de_DE","og_type":"article","og_title":"Ambulante Pflege - Sven Meyer MdA","og_description":"N\u00e4chster Teil unseres Veranstaltungszyklus&#8216; zum Thema Pflege Nachdem die Teilnehmer:innen w\u00e4hrend unserer vergangenen Diskussionen wiederholt auf die prek\u00e4re Situation der h\u00e4uslichen Pflege und den daraus resultierenden Verlust der eigenen Wohnung vieler Betroffener, m\u00f6chten wir&#46;&#46;&#46;","og_url":"https:\/\/www.kein-alter-hut.de\/index.php\/2024\/05\/16\/ambulante-pflege\/","og_site_name":"Sven Meyer MdA","article_publisher":"https:\/\/www.facebook.com\/SvenMeyerReinickendorf\/","article_published_time":"2024-05-16T11:51:14+00:00","article_modified_time":"2024-05-16T11:51:35+00:00","og_image":[{"width":2324,"height":564,"url":"https:\/\/www.kein-alter-hut.de\/wp-content\/uploads\/2024\/05\/Stadtteiltag-11.11.2022_klein.jpeg","type":"image\/jpeg"}],"author":"admin","twitter_card":"summary_large_image","twitter_misc":{"Verfasst von":"admin","Gesch\u00e4tzte Lesezeit":"2\u00a0Minuten"},"schema":{"@context":"https:\/\/schema.org","@graph":[{"@type":"Article","@id":"https:\/\/www.kein-alter-hut.de\/index.php\/2024\/05\/16\/ambulante-pflege\/#article","isPartOf":{"@id":"https:\/\/www.kein-alter-hut.de\/index.php\/2024\/05\/16\/ambulante-pflege\/"},"author":{"name":"admin","@id":"https:\/\/www.kein-alter-hut.de\/#\/schema\/person\/0e854002ba9ffda5baf08e0f9af0ce1c"},"headline":"Ambulante Pflege","datePublished":"2024-05-16T11:51:14+00:00","dateModified":"2024-05-16T11:51:35+00:00","mainEntityOfPage":{"@id":"https:\/\/www.kein-alter-hut.de\/index.php\/2024\/05\/16\/ambulante-pflege\/"},"wordCount":119,"commentCount":0,"image":{"@id":"https:\/\/www.kein-alter-hut.de\/index.php\/2024\/05\/16\/ambulante-pflege\/#primaryimage"},"thumbnailUrl":"https:\/\/www.kein-alter-hut.de\/wp-content\/uploads\/2024\/05\/Stadtteiltag-11.11.2022_klein.jpeg","articleSection":{"1":"Tegel"},"inLanguage":"de","potentialAction":[{"@type":"CommentAction","name":"Comment","target":["https:\/\/www.kein-alter-hut.de\/index.php\/2024\/05\/16\/ambulante-pflege\/#respond"]}]},{"@type":"WebPage","@id":"https:\/\/www.kein-alter-hut.de\/index.php\/2024\/05\/16\/ambulante-pflege\/","url":"https:\/\/www.kein-alter-hut.de\/index.php\/2024\/05\/16\/ambulante-pflege\/","name":"Ambulante Pflege - Sven Meyer MdA","isPartOf":{"@id":"https:\/\/www.kein-alter-hut.de\/#website"},"primaryImageOfPage":{"@id":"https:\/\/www.kein-alter-hut.de\/index.php\/2024\/05\/16\/ambulante-pflege\/#primaryimage"},"image":{"@id":"https:\/\/www.kein-alter-hut.de\/index.php\/2024\/05\/16\/ambulante-pflege\/#primaryimage"},"thumbnailUrl":"https:\/\/www.kein-alter-hut.de\/wp-content\/uploads\/2024\/05\/Stadtteiltag-11.11.2022_klein.jpeg","datePublished":"2024-05-16T11:51:14+00:00","dateModified":"2024-05-16T11:51:35+00:00","author":{"@id":"https:\/\/www.kein-alter-hut.de\/#\/schema\/person\/0e854002ba9ffda5baf08e0f9af0ce1c"},"breadcrumb":{"@id":"https:\/\/www.kein-alter-hut.de\/index.php\/2024\/05\/16\/ambulante-pflege\/#breadcrumb"},"inLanguage":"de","potentialAction":[{"@type":"ReadAction","target":["https:\/\/www.kein-alter-hut.de\/index.php\/2024\/05\/16\/ambulante-pflege\/"]}]},{"@type":"ImageObject","inLanguage":"de","@id":"https:\/\/www.kein-alter-hut.de\/index.php\/2024\/05\/16\/ambulante-pflege\/#primaryimage","url":"https:\/\/www.kein-alter-hut.de\/wp-content\/uploads\/2024\/05\/Stadtteiltag-11.11.2022_klein.jpeg","contentUrl":"https:\/\/www.kein-alter-hut.de\/wp-content\/uploads\/2024\/05\/Stadtteiltag-11.11.2022_klein.jpeg","width":2324,"height":564},{"@type":"BreadcrumbList","@id":"https:\/\/www.kein-alter-hut.de\/index.php\/2024\/05\/16\/ambulante-pflege\/#breadcrumb","itemListElement":[{"@type":"ListItem","position":1,"name":"Startseite","item":"https:\/\/www.kein-alter-hut.de\/"},{"@type":"ListItem","position":2,"name":"Ambulante Pflege"}]},{"@type":"WebSite","@id":"https:\/\/www.kein-alter-hut.de\/#website","url":"https:\/\/www.kein-alter-hut.de\/","name":"Sven Meyer MdA","description":"Sven Meyer - Ihr Abgeordneter f\u00fcr Wittenau, Waidmannslust, Borsigwalde und Tegel","potentialAction":[{"@type":"SearchAction","target":{"@type":"EntryPoint","urlTemplate":"https:\/\/www.kein-alter-hut.de\/?s={search_term_string}"},"query-input":{"@type":"PropertyValueSpecification","valueRequired":true,"valueName":"search_term_string"}}],"inLanguage":"de"},{"@type":"Person","@id":"https:\/\/www.kein-alter-hut.de\/#\/schema\/person\/0e854002ba9ffda5baf08e0f9af0ce1c","name":"admin","image":{"@type":"ImageObject","inLanguage":"de","@id":"https:\/\/secure.gravatar.com\/avatar\/c46849f5dee5060ebc9f63f2434fb89c496cdde2d971d8684cb05ccf66e9936c?s=96&d=mm&r=g","url":"https:\/\/secure.gravatar.com\/avatar\/c46849f5dee5060ebc9f63f2434fb89c496cdde2d971d8684cb05ccf66e9936c?s=96&d=mm&r=g","contentUrl":"https:\/\/secure.gravatar.com\/avatar\/c46849f5dee5060ebc9f63f2434fb89c496cdde2d971d8684cb05ccf66e9936c?s=96&d=mm&r=g","caption":"admin"},"sameAs":["https:\/\/www.kein-alter-hut.de"],"url":"https:\/\/www.kein-alter-hut.de\/index.php\/author\/sven\/"}]}},"_links":{"self":[{"href":"https:\/\/www.kein-alter-hut.de\/index.php\/wp-json\/wp\/v2\/posts\/2162","targetHints":{"allow":["GET"]}}],"collection":[{"href":"https:\/\/www.kein-alter-hut.de\/index.php\/wp-json\/wp\/v2\/posts"}],"about":[{"href":"https:\/\/www.kein-alter-hut.de\/index.php\/wp-json\/wp\/v2\/types\/post"}],"author":[{"embeddable":true,"href":"https:\/\/www.kein-alter-hut.de\/index.php\/wp-json\/wp\/v2\/users\/1"}],"replies":[{"embeddable":true,"href":"https:\/\/www.kein-alter-hut.de\/index.php\/wp-json\/wp\/v2\/comments?post=2162"}],"version-history":[{"count":2,"href":"https:\/\/www.kein-alter-hut.de\/index.php\/wp-json\/wp\/v2\/posts\/2162\/revisions"}],"predecessor-version":[{"id":2166,"href":"https:\/\/www.kein-alter-hut.de\/index.php\/wp-json\/wp\/v2\/posts\/2162\/revisions\/2166"}],"wp:featuredmedia":[{"embeddable":true,"href":"https:\/\/www.kein-alter-hut.de\/index.php\/wp-json\/wp\/v2\/media\/2164"}],"wp:attachment":[{"href":"https:\/\/www.kein-alter-hut.de\/index.php\/wp-json\/wp\/v2\/media?parent=2162"}],"wp:term":[{"taxonomy":"category","embeddable":true,"href":"https:\/\/www.kein-alter-hut.de\/index.php\/wp-json\/wp\/v2\/categories?post=2162"},{"taxonomy":"post_tag","embeddable":true,"href":"https:\/\/www.kein-alter-hut.de\/index.php\/wp-json\/wp\/v2\/tags?post=2162"}],"curies":[{"name":"wp","href":"https:\/\/api.w.org\/{rel}","templated":true}]}}