{"id":2364,"date":"2024-07-10T11:50:27","date_gmt":"2024-07-10T11:50:27","guid":{"rendered":"https:\/\/www.kein-alter-hut.de\/?p=2364"},"modified":"2024-07-10T11:50:30","modified_gmt":"2024-07-10T11:50:30","slug":"barrierefrei-in-borsigwalde","status":"publish","type":"post","link":"https:\/\/www.kein-alter-hut.de\/index.php\/2024\/07\/10\/barrierefrei-in-borsigwalde\/","title":{"rendered":"Barrierefrei in Borsigwalde"},"content":{"rendered":"<div class=\"wp-block-image\">\n<figure class=\"alignleft size-large is-resized\"><a href=\"https:\/\/www.kein-alter-hut.de\/wp-content\/uploads\/2024\/07\/449318746_851317360225422_4967679067052776712_n.jpg\"><img fetchpriority=\"high\" decoding=\"async\" width=\"1024\" height=\"768\" src=\"https:\/\/www.kein-alter-hut.de\/wp-content\/uploads\/2024\/07\/449318746_851317360225422_4967679067052776712_n-1024x768.jpg\" alt=\"\" class=\"wp-image-2365\" style=\"width:497px;height:auto\" srcset=\"https:\/\/www.kein-alter-hut.de\/wp-content\/uploads\/2024\/07\/449318746_851317360225422_4967679067052776712_n-1024x768.jpg 1024w, https:\/\/www.kein-alter-hut.de\/wp-content\/uploads\/2024\/07\/449318746_851317360225422_4967679067052776712_n-300x225.jpg 300w, https:\/\/www.kein-alter-hut.de\/wp-content\/uploads\/2024\/07\/449318746_851317360225422_4967679067052776712_n-768x576.jpg 768w, https:\/\/www.kein-alter-hut.de\/wp-content\/uploads\/2024\/07\/449318746_851317360225422_4967679067052776712_n-1536x1152.jpg 1536w, https:\/\/www.kein-alter-hut.de\/wp-content\/uploads\/2024\/07\/449318746_851317360225422_4967679067052776712_n.jpg 1600w\" sizes=\"(max-width: 1024px) 100vw, 1024px\" \/><\/a><\/figure>\n<\/div>\n\n\n<p>Zusammen mit Thomas Koch, Vorsitzender der <a href=\"https:\/\/selbst-aktiv-reinickendorf.de\" target=\"_blank\" rel=\"noreferrer noopener\">SPD AG Selbst Aktiv<\/a>, habe ich mir Borsigwalde in Bezug auf barrierefreie Wegegestaltung angeschaut. Insbesondere haben wir gepr\u00fcft, wie gut man von der Kreuzung Conradstra\u00dfe\/Ernststra\u00dfe zur Schneckenbr\u00fccke kommt. Dieser Weg ist eine wichtige Verbindung, da er von vielen genutzt wird, um die Einkaufm\u00f6glichkeiten in Tegel und die U-Bahn zu erreichen.<\/p>\n\n\n\n<p>Leider mussten wir feststellen, dass noch einiges zu tun ist, damit alles barrierefrei <a><\/a>ist: Die Gehwege sind teilweise nicht ausreichend abgesenkt, so dass Rollstuhlfahrerende und Nutzende von Rollatoren Schwierigkeiten haben, die Stra\u00dfe zu \u00fcberqueren. An einigen Stellen gab es auch direkte Hindernisse, z. B. ein oberirdisches Rohr auf dem Gehweg.<\/p>\n\n\n\n<p>Wir werden die Probleme nat\u00fcrlich an das Bezirksamt weiterleiten und dann bleiben. Denn es muss hier noch einiges getan werden, um allen den Weg nach Tegel ohne Hindernisse zu erm\u00f6glichen.<\/p>\n\n\n\n<figure class=\"wp-block-gallery has-nested-images columns-default is-cropped wp-block-gallery-1 is-layout-flex wp-block-gallery-is-layout-flex\">\n<figure class=\"wp-block-image size-large\"><a href=\"https:\/\/www.kein-alter-hut.de\/wp-content\/uploads\/2024\/07\/449708834_851317476892077_3708115559940369407_n-1.jpg\"><img decoding=\"async\" width=\"1024\" height=\"768\" data-id=\"2369\" src=\"https:\/\/www.kein-alter-hut.de\/wp-content\/uploads\/2024\/07\/449708834_851317476892077_3708115559940369407_n-1-1024x768.jpg\" alt=\"\" class=\"wp-image-2369\" srcset=\"https:\/\/www.kein-alter-hut.de\/wp-content\/uploads\/2024\/07\/449708834_851317476892077_3708115559940369407_n-1-1024x768.jpg 1024w, https:\/\/www.kein-alter-hut.de\/wp-content\/uploads\/2024\/07\/449708834_851317476892077_3708115559940369407_n-1-300x225.jpg 300w, https:\/\/www.kein-alter-hut.de\/wp-content\/uploads\/2024\/07\/449708834_851317476892077_3708115559940369407_n-1-768x576.jpg 768w, https:\/\/www.kein-alter-hut.de\/wp-content\/uploads\/2024\/07\/449708834_851317476892077_3708115559940369407_n-1-1536x1152.jpg 1536w, https:\/\/www.kein-alter-hut.de\/wp-content\/uploads\/2024\/07\/449708834_851317476892077_3708115559940369407_n-1.jpg 1600w\" sizes=\"(max-width: 1024px) 100vw, 1024px\" \/><\/a><\/figure>\n\n\n\n<figure class=\"wp-block-image size-large\"><a href=\"https:\/\/www.kein-alter-hut.de\/wp-content\/uploads\/2024\/07\/449719291_851317353558756_5393728475447497943_n-1024x768.jpg\"><img decoding=\"async\" width=\"1024\" height=\"768\" data-id=\"2368\" src=\"https:\/\/www.kein-alter-hut.de\/wp-content\/uploads\/2024\/07\/449719291_851317353558756_5393728475447497943_n-1024x768.jpg\" alt=\"\" class=\"wp-image-2368\" srcset=\"https:\/\/www.kein-alter-hut.de\/wp-content\/uploads\/2024\/07\/449719291_851317353558756_5393728475447497943_n-1024x768.jpg 1024w, https:\/\/www.kein-alter-hut.de\/wp-content\/uploads\/2024\/07\/449719291_851317353558756_5393728475447497943_n-300x225.jpg 300w, https:\/\/www.kein-alter-hut.de\/wp-content\/uploads\/2024\/07\/449719291_851317353558756_5393728475447497943_n-768x576.jpg 768w, https:\/\/www.kein-alter-hut.de\/wp-content\/uploads\/2024\/07\/449719291_851317353558756_5393728475447497943_n-1536x1152.jpg 1536w, https:\/\/www.kein-alter-hut.de\/wp-content\/uploads\/2024\/07\/449719291_851317353558756_5393728475447497943_n.jpg 1600w\" sizes=\"(max-width: 1024px) 100vw, 1024px\" \/><\/a><\/figure>\n\n\n\n<figure class=\"wp-block-image size-large\"><a href=\"https:\/\/www.kein-alter-hut.de\/wp-content\/uploads\/2024\/07\/449754219_851317406892084_8579269113255167204_n.jpg\"><img loading=\"lazy\" decoding=\"async\" width=\"1024\" height=\"768\" data-id=\"2370\" src=\"https:\/\/www.kein-alter-hut.de\/wp-content\/uploads\/2024\/07\/449754219_851317406892084_8579269113255167204_n-1024x768.jpg\" alt=\"\" class=\"wp-image-2370\" srcset=\"https:\/\/www.kein-alter-hut.de\/wp-content\/uploads\/2024\/07\/449754219_851317406892084_8579269113255167204_n-1024x768.jpg 1024w, https:\/\/www.kein-alter-hut.de\/wp-content\/uploads\/2024\/07\/449754219_851317406892084_8579269113255167204_n-300x225.jpg 300w, https:\/\/www.kein-alter-hut.de\/wp-content\/uploads\/2024\/07\/449754219_851317406892084_8579269113255167204_n-768x576.jpg 768w, https:\/\/www.kein-alter-hut.de\/wp-content\/uploads\/2024\/07\/449754219_851317406892084_8579269113255167204_n-1536x1152.jpg 1536w, https:\/\/www.kein-alter-hut.de\/wp-content\/uploads\/2024\/07\/449754219_851317406892084_8579269113255167204_n.jpg 1600w\" sizes=\"(max-width: 1024px) 100vw, 1024px\" \/><\/a><\/figure>\n<\/figure>\n","protected":false},"excerpt":{"rendered":"<p>Zusammen mit Thomas Koch, Vorsitzender der SPD AG Selbst Aktiv, habe ich mir Borsigwalde in Bezug auf barrierefreie Wegegestaltung angeschaut. Insbesondere haben wir gepr\u00fcft, wie gut man von der Kreuzung Conradstra\u00dfe\/Ernststra\u00dfe zur Schneckenbr\u00fccke kommt.&#46;&#46;&#46;<\/p>\n","protected":false},"author":1,"featured_media":2368,"comment_status":"open","ping_status":"closed","sticky":false,"template":"","format":"standard","meta":{"footnotes":""},"categories":[4,7],"tags":[],"class_list":["post-2364","post","type-post","status-publish","format-standard","has-post-thumbnail","hentry","category-allgemein","category-borsigwalde"],"yoast_head":"<!-- This site is optimized with the Yoast SEO plugin v27.5 - https:\/\/yoast.com\/product\/yoast-seo-wordpress\/ -->\n<title>Barrierefrei in Borsigwalde - Sven Meyer MdA<\/title>\n<meta name=\"robots\" content=\"index, follow, max-snippet:-1, max-image-preview:large, max-video-preview:-1\" \/>\n<link rel=\"canonical\" href=\"https:\/\/www.kein-alter-hut.de\/index.php\/2024\/07\/10\/barrierefrei-in-borsigwalde\/\" \/>\n<meta property=\"og:locale\" content=\"de_DE\" \/>\n<meta property=\"og:type\" content=\"article\" \/>\n<meta property=\"og:title\" content=\"Barrierefrei in Borsigwalde - Sven Meyer MdA\" \/>\n<meta property=\"og:description\" content=\"Zusammen mit Thomas Koch, Vorsitzender der SPD AG Selbst Aktiv, habe ich mir Borsigwalde in Bezug auf barrierefreie Wegegestaltung angeschaut. Insbesondere haben wir gepr\u00fcft, wie gut man von der Kreuzung Conradstra\u00dfe\/Ernststra\u00dfe zur Schneckenbr\u00fccke kommt.&#046;&#046;&#046;\" \/>\n<meta property=\"og:url\" content=\"https:\/\/www.kein-alter-hut.de\/index.php\/2024\/07\/10\/barrierefrei-in-borsigwalde\/\" \/>\n<meta property=\"og:site_name\" content=\"Sven Meyer MdA\" \/>\n<meta property=\"article:publisher\" content=\"https:\/\/www.facebook.com\/SvenMeyerReinickendorf\/\" \/>\n<meta property=\"article:published_time\" content=\"2024-07-10T11:50:27+00:00\" \/>\n<meta property=\"article:modified_time\" content=\"2024-07-10T11:50:30+00:00\" \/>\n<meta property=\"og:image\" content=\"https:\/\/www.kein-alter-hut.de\/wp-content\/uploads\/2024\/07\/449719291_851317353558756_5393728475447497943_n.jpg\" \/>\n\t<meta property=\"og:image:width\" content=\"1600\" \/>\n\t<meta property=\"og:image:height\" content=\"1200\" \/>\n\t<meta property=\"og:image:type\" content=\"image\/jpeg\" \/>\n<meta name=\"author\" content=\"admin\" \/>\n<meta name=\"twitter:card\" content=\"summary_large_image\" \/>\n<meta name=\"twitter:label1\" content=\"Verfasst von\" \/>\n\t<meta name=\"twitter:data1\" content=\"admin\" \/>\n\t<meta name=\"twitter:label2\" content=\"Gesch\u00e4tzte Lesezeit\" \/>\n\t<meta name=\"twitter:data2\" content=\"2\u00a0Minuten\" \/>\n<script type=\"application\/ld+json\" class=\"yoast-schema-graph\">{\"@context\":\"https:\\\/\\\/schema.org\",\"@graph\":[{\"@type\":\"Article\",\"@id\":\"https:\\\/\\\/www.kein-alter-hut.de\\\/index.php\\\/2024\\\/07\\\/10\\\/barrierefrei-in-borsigwalde\\\/#article\",\"isPartOf\":{\"@id\":\"https:\\\/\\\/www.kein-alter-hut.de\\\/index.php\\\/2024\\\/07\\\/10\\\/barrierefrei-in-borsigwalde\\\/\"},\"author\":{\"name\":\"admin\",\"@id\":\"https:\\\/\\\/www.kein-alter-hut.de\\\/#\\\/schema\\\/person\\\/0e854002ba9ffda5baf08e0f9af0ce1c\"},\"headline\":\"Barrierefrei in Borsigwalde\",\"datePublished\":\"2024-07-10T11:50:27+00:00\",\"dateModified\":\"2024-07-10T11:50:30+00:00\",\"mainEntityOfPage\":{\"@id\":\"https:\\\/\\\/www.kein-alter-hut.de\\\/index.php\\\/2024\\\/07\\\/10\\\/barrierefrei-in-borsigwalde\\\/\"},\"wordCount\":148,\"commentCount\":0,\"image\":{\"@id\":\"https:\\\/\\\/www.kein-alter-hut.de\\\/index.php\\\/2024\\\/07\\\/10\\\/barrierefrei-in-borsigwalde\\\/#primaryimage\"},\"thumbnailUrl\":\"https:\\\/\\\/www.kein-alter-hut.de\\\/wp-content\\\/uploads\\\/2024\\\/07\\\/449719291_851317353558756_5393728475447497943_n.jpg\",\"articleSection\":{\"1\":\"Borsigwalde\"},\"inLanguage\":\"de\",\"potentialAction\":[{\"@type\":\"CommentAction\",\"name\":\"Comment\",\"target\":[\"https:\\\/\\\/www.kein-alter-hut.de\\\/index.php\\\/2024\\\/07\\\/10\\\/barrierefrei-in-borsigwalde\\\/#respond\"]}]},{\"@type\":\"WebPage\",\"@id\":\"https:\\\/\\\/www.kein-alter-hut.de\\\/index.php\\\/2024\\\/07\\\/10\\\/barrierefrei-in-borsigwalde\\\/\",\"url\":\"https:\\\/\\\/www.kein-alter-hut.de\\\/index.php\\\/2024\\\/07\\\/10\\\/barrierefrei-in-borsigwalde\\\/\",\"name\":\"Barrierefrei in Borsigwalde - Sven Meyer MdA\",\"isPartOf\":{\"@id\":\"https:\\\/\\\/www.kein-alter-hut.de\\\/#website\"},\"primaryImageOfPage\":{\"@id\":\"https:\\\/\\\/www.kein-alter-hut.de\\\/index.php\\\/2024\\\/07\\\/10\\\/barrierefrei-in-borsigwalde\\\/#primaryimage\"},\"image\":{\"@id\":\"https:\\\/\\\/www.kein-alter-hut.de\\\/index.php\\\/2024\\\/07\\\/10\\\/barrierefrei-in-borsigwalde\\\/#primaryimage\"},\"thumbnailUrl\":\"https:\\\/\\\/www.kein-alter-hut.de\\\/wp-content\\\/uploads\\\/2024\\\/07\\\/449719291_851317353558756_5393728475447497943_n.jpg\",\"datePublished\":\"2024-07-10T11:50:27+00:00\",\"dateModified\":\"2024-07-10T11:50:30+00:00\",\"author\":{\"@id\":\"https:\\\/\\\/www.kein-alter-hut.de\\\/#\\\/schema\\\/person\\\/0e854002ba9ffda5baf08e0f9af0ce1c\"},\"breadcrumb\":{\"@id\":\"https:\\\/\\\/www.kein-alter-hut.de\\\/index.php\\\/2024\\\/07\\\/10\\\/barrierefrei-in-borsigwalde\\\/#breadcrumb\"},\"inLanguage\":\"de\",\"potentialAction\":[{\"@type\":\"ReadAction\",\"target\":[\"https:\\\/\\\/www.kein-alter-hut.de\\\/index.php\\\/2024\\\/07\\\/10\\\/barrierefrei-in-borsigwalde\\\/\"]}]},{\"@type\":\"ImageObject\",\"inLanguage\":\"de\",\"@id\":\"https:\\\/\\\/www.kein-alter-hut.de\\\/index.php\\\/2024\\\/07\\\/10\\\/barrierefrei-in-borsigwalde\\\/#primaryimage\",\"url\":\"https:\\\/\\\/www.kein-alter-hut.de\\\/wp-content\\\/uploads\\\/2024\\\/07\\\/449719291_851317353558756_5393728475447497943_n.jpg\",\"contentUrl\":\"https:\\\/\\\/www.kein-alter-hut.de\\\/wp-content\\\/uploads\\\/2024\\\/07\\\/449719291_851317353558756_5393728475447497943_n.jpg\",\"width\":1600,\"height\":1200},{\"@type\":\"BreadcrumbList\",\"@id\":\"https:\\\/\\\/www.kein-alter-hut.de\\\/index.php\\\/2024\\\/07\\\/10\\\/barrierefrei-in-borsigwalde\\\/#breadcrumb\",\"itemListElement\":[{\"@type\":\"ListItem\",\"position\":1,\"name\":\"Startseite\",\"item\":\"https:\\\/\\\/www.kein-alter-hut.de\\\/\"},{\"@type\":\"ListItem\",\"position\":2,\"name\":\"Barrierefrei in Borsigwalde\"}]},{\"@type\":\"WebSite\",\"@id\":\"https:\\\/\\\/www.kein-alter-hut.de\\\/#website\",\"url\":\"https:\\\/\\\/www.kein-alter-hut.de\\\/\",\"name\":\"Sven Meyer MdA\",\"description\":\"Sven Meyer - Ihr Abgeordneter f\u00fcr Wittenau, Waidmannslust, Borsigwalde und Tegel\",\"potentialAction\":[{\"@type\":\"SearchAction\",\"target\":{\"@type\":\"EntryPoint\",\"urlTemplate\":\"https:\\\/\\\/www.kein-alter-hut.de\\\/?s={search_term_string}\"},\"query-input\":{\"@type\":\"PropertyValueSpecification\",\"valueRequired\":true,\"valueName\":\"search_term_string\"}}],\"inLanguage\":\"de\"},{\"@type\":\"Person\",\"@id\":\"https:\\\/\\\/www.kein-alter-hut.de\\\/#\\\/schema\\\/person\\\/0e854002ba9ffda5baf08e0f9af0ce1c\",\"name\":\"admin\",\"image\":{\"@type\":\"ImageObject\",\"inLanguage\":\"de\",\"@id\":\"https:\\\/\\\/secure.gravatar.com\\\/avatar\\\/c46849f5dee5060ebc9f63f2434fb89c496cdde2d971d8684cb05ccf66e9936c?s=96&d=mm&r=g\",\"url\":\"https:\\\/\\\/secure.gravatar.com\\\/avatar\\\/c46849f5dee5060ebc9f63f2434fb89c496cdde2d971d8684cb05ccf66e9936c?s=96&d=mm&r=g\",\"contentUrl\":\"https:\\\/\\\/secure.gravatar.com\\\/avatar\\\/c46849f5dee5060ebc9f63f2434fb89c496cdde2d971d8684cb05ccf66e9936c?s=96&d=mm&r=g\",\"caption\":\"admin\"},\"sameAs\":[\"https:\\\/\\\/www.kein-alter-hut.de\"],\"url\":\"https:\\\/\\\/www.kein-alter-hut.de\\\/index.php\\\/author\\\/sven\\\/\"}]}<\/script>\n<!-- \/ Yoast SEO plugin. -->","yoast_head_json":{"title":"Barrierefrei in Borsigwalde - Sven Meyer MdA","robots":{"index":"index","follow":"follow","max-snippet":"max-snippet:-1","max-image-preview":"max-image-preview:large","max-video-preview":"max-video-preview:-1"},"canonical":"https:\/\/www.kein-alter-hut.de\/index.php\/2024\/07\/10\/barrierefrei-in-borsigwalde\/","og_locale":"de_DE","og_type":"article","og_title":"Barrierefrei in Borsigwalde - Sven Meyer MdA","og_description":"Zusammen mit Thomas Koch, Vorsitzender der SPD AG Selbst Aktiv, habe ich mir Borsigwalde in Bezug auf barrierefreie Wegegestaltung angeschaut. Insbesondere haben wir gepr\u00fcft, wie gut man von der Kreuzung Conradstra\u00dfe\/Ernststra\u00dfe zur Schneckenbr\u00fccke kommt.&#46;&#46;&#46;","og_url":"https:\/\/www.kein-alter-hut.de\/index.php\/2024\/07\/10\/barrierefrei-in-borsigwalde\/","og_site_name":"Sven Meyer MdA","article_publisher":"https:\/\/www.facebook.com\/SvenMeyerReinickendorf\/","article_published_time":"2024-07-10T11:50:27+00:00","article_modified_time":"2024-07-10T11:50:30+00:00","og_image":[{"width":1600,"height":1200,"url":"https:\/\/www.kein-alter-hut.de\/wp-content\/uploads\/2024\/07\/449719291_851317353558756_5393728475447497943_n.jpg","type":"image\/jpeg"}],"author":"admin","twitter_card":"summary_large_image","twitter_misc":{"Verfasst von":"admin","Gesch\u00e4tzte Lesezeit":"2\u00a0Minuten"},"schema":{"@context":"https:\/\/schema.org","@graph":[{"@type":"Article","@id":"https:\/\/www.kein-alter-hut.de\/index.php\/2024\/07\/10\/barrierefrei-in-borsigwalde\/#article","isPartOf":{"@id":"https:\/\/www.kein-alter-hut.de\/index.php\/2024\/07\/10\/barrierefrei-in-borsigwalde\/"},"author":{"name":"admin","@id":"https:\/\/www.kein-alter-hut.de\/#\/schema\/person\/0e854002ba9ffda5baf08e0f9af0ce1c"},"headline":"Barrierefrei in Borsigwalde","datePublished":"2024-07-10T11:50:27+00:00","dateModified":"2024-07-10T11:50:30+00:00","mainEntityOfPage":{"@id":"https:\/\/www.kein-alter-hut.de\/index.php\/2024\/07\/10\/barrierefrei-in-borsigwalde\/"},"wordCount":148,"commentCount":0,"image":{"@id":"https:\/\/www.kein-alter-hut.de\/index.php\/2024\/07\/10\/barrierefrei-in-borsigwalde\/#primaryimage"},"thumbnailUrl":"https:\/\/www.kein-alter-hut.de\/wp-content\/uploads\/2024\/07\/449719291_851317353558756_5393728475447497943_n.jpg","articleSection":{"1":"Borsigwalde"},"inLanguage":"de","potentialAction":[{"@type":"CommentAction","name":"Comment","target":["https:\/\/www.kein-alter-hut.de\/index.php\/2024\/07\/10\/barrierefrei-in-borsigwalde\/#respond"]}]},{"@type":"WebPage","@id":"https:\/\/www.kein-alter-hut.de\/index.php\/2024\/07\/10\/barrierefrei-in-borsigwalde\/","url":"https:\/\/www.kein-alter-hut.de\/index.php\/2024\/07\/10\/barrierefrei-in-borsigwalde\/","name":"Barrierefrei in Borsigwalde - Sven Meyer MdA","isPartOf":{"@id":"https:\/\/www.kein-alter-hut.de\/#website"},"primaryImageOfPage":{"@id":"https:\/\/www.kein-alter-hut.de\/index.php\/2024\/07\/10\/barrierefrei-in-borsigwalde\/#primaryimage"},"image":{"@id":"https:\/\/www.kein-alter-hut.de\/index.php\/2024\/07\/10\/barrierefrei-in-borsigwalde\/#primaryimage"},"thumbnailUrl":"https:\/\/www.kein-alter-hut.de\/wp-content\/uploads\/2024\/07\/449719291_851317353558756_5393728475447497943_n.jpg","datePublished":"2024-07-10T11:50:27+00:00","dateModified":"2024-07-10T11:50:30+00:00","author":{"@id":"https:\/\/www.kein-alter-hut.de\/#\/schema\/person\/0e854002ba9ffda5baf08e0f9af0ce1c"},"breadcrumb":{"@id":"https:\/\/www.kein-alter-hut.de\/index.php\/2024\/07\/10\/barrierefrei-in-borsigwalde\/#breadcrumb"},"inLanguage":"de","potentialAction":[{"@type":"ReadAction","target":["https:\/\/www.kein-alter-hut.de\/index.php\/2024\/07\/10\/barrierefrei-in-borsigwalde\/"]}]},{"@type":"ImageObject","inLanguage":"de","@id":"https:\/\/www.kein-alter-hut.de\/index.php\/2024\/07\/10\/barrierefrei-in-borsigwalde\/#primaryimage","url":"https:\/\/www.kein-alter-hut.de\/wp-content\/uploads\/2024\/07\/449719291_851317353558756_5393728475447497943_n.jpg","contentUrl":"https:\/\/www.kein-alter-hut.de\/wp-content\/uploads\/2024\/07\/449719291_851317353558756_5393728475447497943_n.jpg","width":1600,"height":1200},{"@type":"BreadcrumbList","@id":"https:\/\/www.kein-alter-hut.de\/index.php\/2024\/07\/10\/barrierefrei-in-borsigwalde\/#breadcrumb","itemListElement":[{"@type":"ListItem","position":1,"name":"Startseite","item":"https:\/\/www.kein-alter-hut.de\/"},{"@type":"ListItem","position":2,"name":"Barrierefrei in Borsigwalde"}]},{"@type":"WebSite","@id":"https:\/\/www.kein-alter-hut.de\/#website","url":"https:\/\/www.kein-alter-hut.de\/","name":"Sven Meyer MdA","description":"Sven Meyer - Ihr Abgeordneter f\u00fcr Wittenau, Waidmannslust, Borsigwalde und Tegel","potentialAction":[{"@type":"SearchAction","target":{"@type":"EntryPoint","urlTemplate":"https:\/\/www.kein-alter-hut.de\/?s={search_term_string}"},"query-input":{"@type":"PropertyValueSpecification","valueRequired":true,"valueName":"search_term_string"}}],"inLanguage":"de"},{"@type":"Person","@id":"https:\/\/www.kein-alter-hut.de\/#\/schema\/person\/0e854002ba9ffda5baf08e0f9af0ce1c","name":"admin","image":{"@type":"ImageObject","inLanguage":"de","@id":"https:\/\/secure.gravatar.com\/avatar\/c46849f5dee5060ebc9f63f2434fb89c496cdde2d971d8684cb05ccf66e9936c?s=96&d=mm&r=g","url":"https:\/\/secure.gravatar.com\/avatar\/c46849f5dee5060ebc9f63f2434fb89c496cdde2d971d8684cb05ccf66e9936c?s=96&d=mm&r=g","contentUrl":"https:\/\/secure.gravatar.com\/avatar\/c46849f5dee5060ebc9f63f2434fb89c496cdde2d971d8684cb05ccf66e9936c?s=96&d=mm&r=g","caption":"admin"},"sameAs":["https:\/\/www.kein-alter-hut.de"],"url":"https:\/\/www.kein-alter-hut.de\/index.php\/author\/sven\/"}]}},"_links":{"self":[{"href":"https:\/\/www.kein-alter-hut.de\/index.php\/wp-json\/wp\/v2\/posts\/2364","targetHints":{"allow":["GET"]}}],"collection":[{"href":"https:\/\/www.kein-alter-hut.de\/index.php\/wp-json\/wp\/v2\/posts"}],"about":[{"href":"https:\/\/www.kein-alter-hut.de\/index.php\/wp-json\/wp\/v2\/types\/post"}],"author":[{"embeddable":true,"href":"https:\/\/www.kein-alter-hut.de\/index.php\/wp-json\/wp\/v2\/users\/1"}],"replies":[{"embeddable":true,"href":"https:\/\/www.kein-alter-hut.de\/index.php\/wp-json\/wp\/v2\/comments?post=2364"}],"version-history":[{"count":3,"href":"https:\/\/www.kein-alter-hut.de\/index.php\/wp-json\/wp\/v2\/posts\/2364\/revisions"}],"predecessor-version":[{"id":2372,"href":"https:\/\/www.kein-alter-hut.de\/index.php\/wp-json\/wp\/v2\/posts\/2364\/revisions\/2372"}],"wp:featuredmedia":[{"embeddable":true,"href":"https:\/\/www.kein-alter-hut.de\/index.php\/wp-json\/wp\/v2\/media\/2368"}],"wp:attachment":[{"href":"https:\/\/www.kein-alter-hut.de\/index.php\/wp-json\/wp\/v2\/media?parent=2364"}],"wp:term":[{"taxonomy":"category","embeddable":true,"href":"https:\/\/www.kein-alter-hut.de\/index.php\/wp-json\/wp\/v2\/categories?post=2364"},{"taxonomy":"post_tag","embeddable":true,"href":"https:\/\/www.kein-alter-hut.de\/index.php\/wp-json\/wp\/v2\/tags?post=2364"}],"curies":[{"name":"wp","href":"https:\/\/api.w.org\/{rel}","templated":true}]}}