{"id":2565,"date":"2024-10-23T13:04:49","date_gmt":"2024-10-23T13:04:49","guid":{"rendered":"https:\/\/www.kein-alter-hut.de\/?p=2565"},"modified":"2024-10-23T13:09:10","modified_gmt":"2024-10-23T13:09:10","slug":"der-konflikt-tobt-zwischen-oben-und-unten-nicht-zwischen-einheimischen-und-zuwanderern","status":"publish","type":"post","link":"https:\/\/www.kein-alter-hut.de\/index.php\/2024\/10\/23\/der-konflikt-tobt-zwischen-oben-und-unten-nicht-zwischen-einheimischen-und-zuwanderern\/","title":{"rendered":"&#8222;Der Konflikt tobt zwischen oben und unten &#8211; nicht zwischen Einheimischen und Zuwanderern!&#8220;"},"content":{"rendered":"\n<p><strong>Gespr\u00e4ch mit der Vorsitzenden des DGB Berlin-Brandenburg Katja Karger: Gewerkschaften im Wandel und die Herausforderungen in Berlin<\/strong><\/p>\n\n\n\n<p>In einem ausf\u00fchrlichen Gespr\u00e4ch mit Katja Karger, der Vorsitzenden des DGB (Deutscher Gewerkschaftsbund) Berlin-Brandenburg, wurde die Rolle der Gewerkschaften in der heutigen politischen Landschaft thematisiert. Der DGB vertritt die Interessen der acht gr\u00f6\u00dften Einzelgewerkschaften in Deutschland, darunter ver.di, IG Metall und die GEW. Im Gespr\u00e4ch wurden zentrale Herausforderungen angesprochen, insbesondere die schwindende Tarifbindung, die Distanz zwischen Gewerkschaften und politischen Parteien sowie die Situation der Ausbildung in Berlin.<\/p>\n\n\n<div class=\"wp-block-image\">\n<figure class=\"alignleft size-large is-resized\"><a href=\"https:\/\/www.kein-alter-hut.de\/wp-content\/uploads\/2024\/10\/DSC00568-scaled.jpg\"><img fetchpriority=\"high\" decoding=\"async\" width=\"1024\" height=\"768\" src=\"https:\/\/www.kein-alter-hut.de\/wp-content\/uploads\/2024\/10\/DSC00568-1024x768.jpg\" alt=\"\" class=\"wp-image-2566\" style=\"width:562px;height:auto\" srcset=\"https:\/\/www.kein-alter-hut.de\/wp-content\/uploads\/2024\/10\/DSC00568-1024x768.jpg 1024w, https:\/\/www.kein-alter-hut.de\/wp-content\/uploads\/2024\/10\/DSC00568-300x225.jpg 300w, https:\/\/www.kein-alter-hut.de\/wp-content\/uploads\/2024\/10\/DSC00568-768x576.jpg 768w, https:\/\/www.kein-alter-hut.de\/wp-content\/uploads\/2024\/10\/DSC00568-1536x1152.jpg 1536w, https:\/\/www.kein-alter-hut.de\/wp-content\/uploads\/2024\/10\/DSC00568-2048x1536.jpg 2048w\" sizes=\"(max-width: 1024px) 100vw, 1024px\" \/><\/a><\/figure>\n<\/div>\n\n\n<h3 class=\"wp-block-heading\">Der DGB als politischer Vertreter<\/h3>\n\n\n\n<p>Katja Karger erkl\u00e4rte zun\u00e4chst die Rolle des DGB als Dachorganisation der Gewerkschaften. Der DGB f\u00fchrt keine Tarifverhandlungen, sondern ist in erster Linie ein politischer Vertreter der Gewerkschaften und agiert als Stimme der Arbeitnehmer:innen gegen\u00fcber der Politik und der \u00d6ffentlichkeit. Seine Mitglieder, darunter gro\u00dfe Gewerkschaften wie ver.di und IG Metall, \u00fcbernehmen die direkte Verhandlung von Tarifvertr\u00e4gen und vertreten spezifische Brancheninteressen. Der DGB sorgt jedoch daf\u00fcr, dass \u00fcbergreifende Arbeitnehmeranliegen geb\u00fcndelt und auf politischer Ebene artikuliert werden.<\/p>\n\n\n\n<h3 class=\"wp-block-heading\">Schw\u00e4chere Bindung der SPD an Gewerkschaften<\/h3>\n\n\n\n<p>Ein zentrales Thema des Gespr\u00e4chs war die schwindende Bindung zwischen den Gewerkschaften und linken politischen Parteien, insbesondere der SPD. Katja Karger betonte, dass die enge Verbindung, die einst zwischen der SPD und den Gewerkschaften bestand, in vielen Teilen Deutschlands verloren gegangen ist. W\u00e4hrend die SPD historisch stark mit den Gewerkschaften verwoben war, hat sich diese Beziehung im Laufe der Jahre abgeschw\u00e4cht. In Hamburg sei die Situation jedoch anders: Dort gibt es beispielsweise einen festen Platz auf der Landesliste der SPD f\u00fcr Vertreter:innen der DGB-Gewerkschaften, was einen kontinuierlichen Dialog sicherstellt.<\/p>\n\n\n\n<p>Karger betonte, wie wichtig solche institutionellen Verbindungen f\u00fcr eine starke Vertretung der Arbeitnehmer:inneninteressen in der Politik sind. Gewerkschaftsdialoge seien daher von gro\u00dfer Bedeutung, um die Interessen der Besch\u00e4ftigten weiterhin in die politische Debatte einzubringen.<\/p>\n\n\n\n<h3 class=\"wp-block-heading\">Geringe Tarifbindung in Berlin<\/h3>\n\n\n\n<p>Ein weiteres zentrales Problem, das Katja Karger ansprach, ist die geringe Tarifbindung, insbesondere in Berlin. Die Tarifbindung bezieht sich auf den Anteil der Besch\u00e4ftigten, die unter tarifvertragliche Regelungen fallen, die geregelte L\u00f6hne und Arbeitsbedingungen sichern. In Berlin sei dieser Anteil vergleichsweise niedrig, was bedeutet, dass viele Besch\u00e4ftigte au\u00dferhalb des Schutzes von Tarifvertr\u00e4gen arbeiten. Dies f\u00fchre zu ungeregelten Arbeitsverh\u00e4ltnissen und teils schlechteren Bedingungen.<\/p>\n\n\n\n<p>Karger forderte, dass sich die Lage hier \u00e4ndern m\u00fcsse, auch durch eine Vorbildfunktion des Landes Berlin. Sie kritisierte, dass selbst einige Landesbetriebe keine Tarifbindung besitzen, was ein falsches Signal sende. Gerade der \u00f6ffentliche Sektor m\u00fcsse mit gutem Beispiel vorangehen, um auch die Privatwirtschaft zu einer st\u00e4rkeren Tarifbindung zu bewegen.<\/p>\n\n\n<div class=\"wp-block-image\">\n<figure class=\"alignright size-large is-resized\"><a href=\"https:\/\/www.kein-alter-hut.de\/wp-content\/uploads\/2024\/10\/DSC00570-scaled.jpg\"><img decoding=\"async\" width=\"1024\" height=\"768\" src=\"https:\/\/www.kein-alter-hut.de\/wp-content\/uploads\/2024\/10\/DSC00570-1024x768.jpg\" alt=\"\" class=\"wp-image-2567\" style=\"width:537px;height:auto\" srcset=\"https:\/\/www.kein-alter-hut.de\/wp-content\/uploads\/2024\/10\/DSC00570-1024x768.jpg 1024w, https:\/\/www.kein-alter-hut.de\/wp-content\/uploads\/2024\/10\/DSC00570-300x225.jpg 300w, https:\/\/www.kein-alter-hut.de\/wp-content\/uploads\/2024\/10\/DSC00570-768x576.jpg 768w, https:\/\/www.kein-alter-hut.de\/wp-content\/uploads\/2024\/10\/DSC00570-1536x1152.jpg 1536w, https:\/\/www.kein-alter-hut.de\/wp-content\/uploads\/2024\/10\/DSC00570-2048x1536.jpg 2048w\" sizes=\"(max-width: 1024px) 100vw, 1024px\" \/><\/a><\/figure>\n<\/div>\n\n\n<h3 class=\"wp-block-heading\">Ausbildungsplatzmangel in Berlin<\/h3>\n\n\n\n<p>Ein weiteres wichtiges Thema des Gespr\u00e4chs war die Ausbildungssituation in Berlin. Katja Karger hob hervor, dass Berlin im bundesweiten Vergleich bei den abgeschlossenen Ausbildungsvertr\u00e4gen weit hinten steht. Dies sei besonders alarmierend, da die duale Ausbildung ein wichtiges Fundament der deutschen Wirtschaft ist und jungen Menschen den Zugang zu qualifizierten Berufen erm\u00f6glicht.<\/p>\n\n\n\n<p>Um dem entgegenzuwirken, pl\u00e4diert der DGB f\u00fcr die Einf\u00fchrung einer Ausbildungsplatzumlage. Diese sieht vor, dass Unternehmen, die keine Ausbildungspl\u00e4tze anbieten, eine finanzielle Abgabe leisten m\u00fcssen, die wiederum f\u00fcr die Schaffung von Ausbildungspl\u00e4tzen verwendet wird. Dies soll den Anreiz f\u00fcr Unternehmen erh\u00f6hen, mehr Ausbildungspl\u00e4tze zur Verf\u00fcgung zu stellen, und sicherstellen, dass alle jungen Menschen eine faire Chance auf eine qualifizierte Ausbildung erhalten.<\/p>\n\n\n\n<h3 class=\"wp-block-heading\">Fazit<\/h3>\n\n\n\n<p>Das Gespr\u00e4ch mit Katja Karger verdeutlichte die vielf\u00e4ltigen Herausforderungen, vor denen die Gewerkschaften heute stehen. Die schwindende Tarifbindung, die Distanz zwischen Gewerkschaften und der Politik sowie der Ausbildungsplatzmangel in Berlin sind dr\u00e4ngende Themen, die dringend adressiert werden m\u00fcssen. Der DGB spielt dabei eine zentrale Rolle als politischer Vertreter der Arbeitnehmer:innen und setzt sich f\u00fcr bessere Arbeitsbedingungen, gerechte L\u00f6hne und mehr Ausbildungspl\u00e4tze ein.<\/p>\n\n\n\n<p>Insbesondere in Berlin ist es wichtig, dass das Land und die \u00f6ffentlichen Betriebe eine Vorreiterrolle einnehmen und durch eine starke Tarifbindung sowie gezielte Ma\u00dfnahmen im Bereich der Ausbildung ein Vorbild f\u00fcr die Privatwirtschaft sind. Der DGB wird weiterhin Druck auf die Politik aus\u00fcben, um diese Ziele zu erreichen und die Situation der Besch\u00e4ftigten zu verbessern.<\/p>\n","protected":false},"excerpt":{"rendered":"<p>Gespr\u00e4ch mit der Vorsitzenden des DGB Berlin-Brandenburg Katja Karger: Gewerkschaften im Wandel und die Herausforderungen in Berlin In einem ausf\u00fchrlichen Gespr\u00e4ch mit Katja Karger, der Vorsitzenden des DGB (Deutscher Gewerkschaftsbund) Berlin-Brandenburg, wurde die Rolle&#46;&#46;&#46;<\/p>\n","protected":false},"author":1,"featured_media":2569,"comment_status":"open","ping_status":"closed","sticky":false,"template":"","format":"standard","meta":{"footnotes":""},"categories":[4],"tags":[],"class_list":["post-2565","post","type-post","status-publish","format-standard","has-post-thumbnail","hentry","category-allgemein"],"yoast_head":"<!-- This site is optimized with the Yoast SEO plugin v27.5 - https:\/\/yoast.com\/product\/yoast-seo-wordpress\/ -->\n<title>&quot;Der Konflikt tobt zwischen oben und unten - nicht zwischen Einheimischen und Zuwanderern!&quot; - Sven Meyer MdA<\/title>\n<meta name=\"robots\" content=\"index, follow, max-snippet:-1, max-image-preview:large, max-video-preview:-1\" \/>\n<link rel=\"canonical\" href=\"https:\/\/www.kein-alter-hut.de\/index.php\/2024\/10\/23\/der-konflikt-tobt-zwischen-oben-und-unten-nicht-zwischen-einheimischen-und-zuwanderern\/\" \/>\n<meta property=\"og:locale\" content=\"de_DE\" \/>\n<meta property=\"og:type\" content=\"article\" \/>\n<meta property=\"og:title\" content=\"&quot;Der Konflikt tobt zwischen oben und unten - nicht zwischen Einheimischen und Zuwanderern!&quot; - Sven Meyer MdA\" \/>\n<meta property=\"og:description\" content=\"Gespr\u00e4ch mit der Vorsitzenden des DGB Berlin-Brandenburg Katja Karger: Gewerkschaften im Wandel und die Herausforderungen in Berlin In einem ausf\u00fchrlichen Gespr\u00e4ch mit Katja Karger, der Vorsitzenden des DGB (Deutscher Gewerkschaftsbund) Berlin-Brandenburg, wurde die Rolle&#046;&#046;&#046;\" \/>\n<meta property=\"og:url\" content=\"https:\/\/www.kein-alter-hut.de\/index.php\/2024\/10\/23\/der-konflikt-tobt-zwischen-oben-und-unten-nicht-zwischen-einheimischen-und-zuwanderern\/\" \/>\n<meta property=\"og:site_name\" content=\"Sven Meyer MdA\" \/>\n<meta property=\"article:publisher\" content=\"https:\/\/www.facebook.com\/SvenMeyerReinickendorf\/\" \/>\n<meta property=\"article:published_time\" content=\"2024-10-23T13:04:49+00:00\" \/>\n<meta property=\"article:modified_time\" content=\"2024-10-23T13:09:10+00:00\" \/>\n<meta property=\"og:image\" content=\"https:\/\/www.kein-alter-hut.de\/wp-content\/uploads\/2024\/10\/DSC00565-scaled.jpg\" \/>\n\t<meta property=\"og:image:width\" content=\"2560\" \/>\n\t<meta property=\"og:image:height\" content=\"1920\" \/>\n\t<meta property=\"og:image:type\" content=\"image\/jpeg\" \/>\n<meta name=\"author\" content=\"admin\" \/>\n<meta name=\"twitter:card\" content=\"summary_large_image\" \/>\n<meta name=\"twitter:label1\" content=\"Verfasst von\" \/>\n\t<meta name=\"twitter:data1\" content=\"admin\" \/>\n\t<meta name=\"twitter:label2\" content=\"Gesch\u00e4tzte Lesezeit\" \/>\n\t<meta name=\"twitter:data2\" content=\"5\u00a0Minuten\" \/>\n<script type=\"application\/ld+json\" class=\"yoast-schema-graph\">{\"@context\":\"https:\\\/\\\/schema.org\",\"@graph\":[{\"@type\":\"Article\",\"@id\":\"https:\\\/\\\/www.kein-alter-hut.de\\\/index.php\\\/2024\\\/10\\\/23\\\/der-konflikt-tobt-zwischen-oben-und-unten-nicht-zwischen-einheimischen-und-zuwanderern\\\/#article\",\"isPartOf\":{\"@id\":\"https:\\\/\\\/www.kein-alter-hut.de\\\/index.php\\\/2024\\\/10\\\/23\\\/der-konflikt-tobt-zwischen-oben-und-unten-nicht-zwischen-einheimischen-und-zuwanderern\\\/\"},\"author\":{\"name\":\"admin\",\"@id\":\"https:\\\/\\\/www.kein-alter-hut.de\\\/#\\\/schema\\\/person\\\/0e854002ba9ffda5baf08e0f9af0ce1c\"},\"headline\":\"&#8222;Der Konflikt tobt zwischen oben und unten &#8211; nicht zwischen Einheimischen und Zuwanderern!&#8220;\",\"datePublished\":\"2024-10-23T13:04:49+00:00\",\"dateModified\":\"2024-10-23T13:09:10+00:00\",\"mainEntityOfPage\":{\"@id\":\"https:\\\/\\\/www.kein-alter-hut.de\\\/index.php\\\/2024\\\/10\\\/23\\\/der-konflikt-tobt-zwischen-oben-und-unten-nicht-zwischen-einheimischen-und-zuwanderern\\\/\"},\"wordCount\":715,\"commentCount\":0,\"image\":{\"@id\":\"https:\\\/\\\/www.kein-alter-hut.de\\\/index.php\\\/2024\\\/10\\\/23\\\/der-konflikt-tobt-zwischen-oben-und-unten-nicht-zwischen-einheimischen-und-zuwanderern\\\/#primaryimage\"},\"thumbnailUrl\":\"https:\\\/\\\/www.kein-alter-hut.de\\\/wp-content\\\/uploads\\\/2024\\\/10\\\/DSC00565-scaled.jpg\",\"inLanguage\":\"de\",\"potentialAction\":[{\"@type\":\"CommentAction\",\"name\":\"Comment\",\"target\":[\"https:\\\/\\\/www.kein-alter-hut.de\\\/index.php\\\/2024\\\/10\\\/23\\\/der-konflikt-tobt-zwischen-oben-und-unten-nicht-zwischen-einheimischen-und-zuwanderern\\\/#respond\"]}]},{\"@type\":\"WebPage\",\"@id\":\"https:\\\/\\\/www.kein-alter-hut.de\\\/index.php\\\/2024\\\/10\\\/23\\\/der-konflikt-tobt-zwischen-oben-und-unten-nicht-zwischen-einheimischen-und-zuwanderern\\\/\",\"url\":\"https:\\\/\\\/www.kein-alter-hut.de\\\/index.php\\\/2024\\\/10\\\/23\\\/der-konflikt-tobt-zwischen-oben-und-unten-nicht-zwischen-einheimischen-und-zuwanderern\\\/\",\"name\":\"\\\"Der Konflikt tobt zwischen oben und unten - nicht zwischen Einheimischen und Zuwanderern!\\\" - Sven Meyer MdA\",\"isPartOf\":{\"@id\":\"https:\\\/\\\/www.kein-alter-hut.de\\\/#website\"},\"primaryImageOfPage\":{\"@id\":\"https:\\\/\\\/www.kein-alter-hut.de\\\/index.php\\\/2024\\\/10\\\/23\\\/der-konflikt-tobt-zwischen-oben-und-unten-nicht-zwischen-einheimischen-und-zuwanderern\\\/#primaryimage\"},\"image\":{\"@id\":\"https:\\\/\\\/www.kein-alter-hut.de\\\/index.php\\\/2024\\\/10\\\/23\\\/der-konflikt-tobt-zwischen-oben-und-unten-nicht-zwischen-einheimischen-und-zuwanderern\\\/#primaryimage\"},\"thumbnailUrl\":\"https:\\\/\\\/www.kein-alter-hut.de\\\/wp-content\\\/uploads\\\/2024\\\/10\\\/DSC00565-scaled.jpg\",\"datePublished\":\"2024-10-23T13:04:49+00:00\",\"dateModified\":\"2024-10-23T13:09:10+00:00\",\"author\":{\"@id\":\"https:\\\/\\\/www.kein-alter-hut.de\\\/#\\\/schema\\\/person\\\/0e854002ba9ffda5baf08e0f9af0ce1c\"},\"breadcrumb\":{\"@id\":\"https:\\\/\\\/www.kein-alter-hut.de\\\/index.php\\\/2024\\\/10\\\/23\\\/der-konflikt-tobt-zwischen-oben-und-unten-nicht-zwischen-einheimischen-und-zuwanderern\\\/#breadcrumb\"},\"inLanguage\":\"de\",\"potentialAction\":[{\"@type\":\"ReadAction\",\"target\":[\"https:\\\/\\\/www.kein-alter-hut.de\\\/index.php\\\/2024\\\/10\\\/23\\\/der-konflikt-tobt-zwischen-oben-und-unten-nicht-zwischen-einheimischen-und-zuwanderern\\\/\"]}]},{\"@type\":\"ImageObject\",\"inLanguage\":\"de\",\"@id\":\"https:\\\/\\\/www.kein-alter-hut.de\\\/index.php\\\/2024\\\/10\\\/23\\\/der-konflikt-tobt-zwischen-oben-und-unten-nicht-zwischen-einheimischen-und-zuwanderern\\\/#primaryimage\",\"url\":\"https:\\\/\\\/www.kein-alter-hut.de\\\/wp-content\\\/uploads\\\/2024\\\/10\\\/DSC00565-scaled.jpg\",\"contentUrl\":\"https:\\\/\\\/www.kein-alter-hut.de\\\/wp-content\\\/uploads\\\/2024\\\/10\\\/DSC00565-scaled.jpg\",\"width\":2560,\"height\":1920},{\"@type\":\"BreadcrumbList\",\"@id\":\"https:\\\/\\\/www.kein-alter-hut.de\\\/index.php\\\/2024\\\/10\\\/23\\\/der-konflikt-tobt-zwischen-oben-und-unten-nicht-zwischen-einheimischen-und-zuwanderern\\\/#breadcrumb\",\"itemListElement\":[{\"@type\":\"ListItem\",\"position\":1,\"name\":\"Startseite\",\"item\":\"https:\\\/\\\/www.kein-alter-hut.de\\\/\"},{\"@type\":\"ListItem\",\"position\":2,\"name\":\"&#8222;Der Konflikt tobt zwischen oben und unten &#8211; nicht zwischen Einheimischen und Zuwanderern!&#8220;\"}]},{\"@type\":\"WebSite\",\"@id\":\"https:\\\/\\\/www.kein-alter-hut.de\\\/#website\",\"url\":\"https:\\\/\\\/www.kein-alter-hut.de\\\/\",\"name\":\"Sven Meyer MdA\",\"description\":\"Sven Meyer - Ihr Abgeordneter f\u00fcr Wittenau, Waidmannslust, Borsigwalde und Tegel\",\"potentialAction\":[{\"@type\":\"SearchAction\",\"target\":{\"@type\":\"EntryPoint\",\"urlTemplate\":\"https:\\\/\\\/www.kein-alter-hut.de\\\/?s={search_term_string}\"},\"query-input\":{\"@type\":\"PropertyValueSpecification\",\"valueRequired\":true,\"valueName\":\"search_term_string\"}}],\"inLanguage\":\"de\"},{\"@type\":\"Person\",\"@id\":\"https:\\\/\\\/www.kein-alter-hut.de\\\/#\\\/schema\\\/person\\\/0e854002ba9ffda5baf08e0f9af0ce1c\",\"name\":\"admin\",\"image\":{\"@type\":\"ImageObject\",\"inLanguage\":\"de\",\"@id\":\"https:\\\/\\\/secure.gravatar.com\\\/avatar\\\/c46849f5dee5060ebc9f63f2434fb89c496cdde2d971d8684cb05ccf66e9936c?s=96&d=mm&r=g\",\"url\":\"https:\\\/\\\/secure.gravatar.com\\\/avatar\\\/c46849f5dee5060ebc9f63f2434fb89c496cdde2d971d8684cb05ccf66e9936c?s=96&d=mm&r=g\",\"contentUrl\":\"https:\\\/\\\/secure.gravatar.com\\\/avatar\\\/c46849f5dee5060ebc9f63f2434fb89c496cdde2d971d8684cb05ccf66e9936c?s=96&d=mm&r=g\",\"caption\":\"admin\"},\"sameAs\":[\"https:\\\/\\\/www.kein-alter-hut.de\"],\"url\":\"https:\\\/\\\/www.kein-alter-hut.de\\\/index.php\\\/author\\\/sven\\\/\"}]}<\/script>\n<!-- \/ Yoast SEO plugin. -->","yoast_head_json":{"title":"\"Der Konflikt tobt zwischen oben und unten - nicht zwischen Einheimischen und Zuwanderern!\" - Sven Meyer MdA","robots":{"index":"index","follow":"follow","max-snippet":"max-snippet:-1","max-image-preview":"max-image-preview:large","max-video-preview":"max-video-preview:-1"},"canonical":"https:\/\/www.kein-alter-hut.de\/index.php\/2024\/10\/23\/der-konflikt-tobt-zwischen-oben-und-unten-nicht-zwischen-einheimischen-und-zuwanderern\/","og_locale":"de_DE","og_type":"article","og_title":"\"Der Konflikt tobt zwischen oben und unten - nicht zwischen Einheimischen und Zuwanderern!\" - Sven Meyer MdA","og_description":"Gespr\u00e4ch mit der Vorsitzenden des DGB Berlin-Brandenburg Katja Karger: Gewerkschaften im Wandel und die Herausforderungen in Berlin In einem ausf\u00fchrlichen Gespr\u00e4ch mit Katja Karger, der Vorsitzenden des DGB (Deutscher Gewerkschaftsbund) Berlin-Brandenburg, wurde die Rolle&#46;&#46;&#46;","og_url":"https:\/\/www.kein-alter-hut.de\/index.php\/2024\/10\/23\/der-konflikt-tobt-zwischen-oben-und-unten-nicht-zwischen-einheimischen-und-zuwanderern\/","og_site_name":"Sven Meyer MdA","article_publisher":"https:\/\/www.facebook.com\/SvenMeyerReinickendorf\/","article_published_time":"2024-10-23T13:04:49+00:00","article_modified_time":"2024-10-23T13:09:10+00:00","og_image":[{"width":2560,"height":1920,"url":"https:\/\/www.kein-alter-hut.de\/wp-content\/uploads\/2024\/10\/DSC00565-scaled.jpg","type":"image\/jpeg"}],"author":"admin","twitter_card":"summary_large_image","twitter_misc":{"Verfasst von":"admin","Gesch\u00e4tzte Lesezeit":"5\u00a0Minuten"},"schema":{"@context":"https:\/\/schema.org","@graph":[{"@type":"Article","@id":"https:\/\/www.kein-alter-hut.de\/index.php\/2024\/10\/23\/der-konflikt-tobt-zwischen-oben-und-unten-nicht-zwischen-einheimischen-und-zuwanderern\/#article","isPartOf":{"@id":"https:\/\/www.kein-alter-hut.de\/index.php\/2024\/10\/23\/der-konflikt-tobt-zwischen-oben-und-unten-nicht-zwischen-einheimischen-und-zuwanderern\/"},"author":{"name":"admin","@id":"https:\/\/www.kein-alter-hut.de\/#\/schema\/person\/0e854002ba9ffda5baf08e0f9af0ce1c"},"headline":"&#8222;Der Konflikt tobt zwischen oben und unten &#8211; nicht zwischen Einheimischen und Zuwanderern!&#8220;","datePublished":"2024-10-23T13:04:49+00:00","dateModified":"2024-10-23T13:09:10+00:00","mainEntityOfPage":{"@id":"https:\/\/www.kein-alter-hut.de\/index.php\/2024\/10\/23\/der-konflikt-tobt-zwischen-oben-und-unten-nicht-zwischen-einheimischen-und-zuwanderern\/"},"wordCount":715,"commentCount":0,"image":{"@id":"https:\/\/www.kein-alter-hut.de\/index.php\/2024\/10\/23\/der-konflikt-tobt-zwischen-oben-und-unten-nicht-zwischen-einheimischen-und-zuwanderern\/#primaryimage"},"thumbnailUrl":"https:\/\/www.kein-alter-hut.de\/wp-content\/uploads\/2024\/10\/DSC00565-scaled.jpg","inLanguage":"de","potentialAction":[{"@type":"CommentAction","name":"Comment","target":["https:\/\/www.kein-alter-hut.de\/index.php\/2024\/10\/23\/der-konflikt-tobt-zwischen-oben-und-unten-nicht-zwischen-einheimischen-und-zuwanderern\/#respond"]}]},{"@type":"WebPage","@id":"https:\/\/www.kein-alter-hut.de\/index.php\/2024\/10\/23\/der-konflikt-tobt-zwischen-oben-und-unten-nicht-zwischen-einheimischen-und-zuwanderern\/","url":"https:\/\/www.kein-alter-hut.de\/index.php\/2024\/10\/23\/der-konflikt-tobt-zwischen-oben-und-unten-nicht-zwischen-einheimischen-und-zuwanderern\/","name":"\"Der Konflikt tobt zwischen oben und unten - nicht zwischen Einheimischen und Zuwanderern!\" - Sven Meyer MdA","isPartOf":{"@id":"https:\/\/www.kein-alter-hut.de\/#website"},"primaryImageOfPage":{"@id":"https:\/\/www.kein-alter-hut.de\/index.php\/2024\/10\/23\/der-konflikt-tobt-zwischen-oben-und-unten-nicht-zwischen-einheimischen-und-zuwanderern\/#primaryimage"},"image":{"@id":"https:\/\/www.kein-alter-hut.de\/index.php\/2024\/10\/23\/der-konflikt-tobt-zwischen-oben-und-unten-nicht-zwischen-einheimischen-und-zuwanderern\/#primaryimage"},"thumbnailUrl":"https:\/\/www.kein-alter-hut.de\/wp-content\/uploads\/2024\/10\/DSC00565-scaled.jpg","datePublished":"2024-10-23T13:04:49+00:00","dateModified":"2024-10-23T13:09:10+00:00","author":{"@id":"https:\/\/www.kein-alter-hut.de\/#\/schema\/person\/0e854002ba9ffda5baf08e0f9af0ce1c"},"breadcrumb":{"@id":"https:\/\/www.kein-alter-hut.de\/index.php\/2024\/10\/23\/der-konflikt-tobt-zwischen-oben-und-unten-nicht-zwischen-einheimischen-und-zuwanderern\/#breadcrumb"},"inLanguage":"de","potentialAction":[{"@type":"ReadAction","target":["https:\/\/www.kein-alter-hut.de\/index.php\/2024\/10\/23\/der-konflikt-tobt-zwischen-oben-und-unten-nicht-zwischen-einheimischen-und-zuwanderern\/"]}]},{"@type":"ImageObject","inLanguage":"de","@id":"https:\/\/www.kein-alter-hut.de\/index.php\/2024\/10\/23\/der-konflikt-tobt-zwischen-oben-und-unten-nicht-zwischen-einheimischen-und-zuwanderern\/#primaryimage","url":"https:\/\/www.kein-alter-hut.de\/wp-content\/uploads\/2024\/10\/DSC00565-scaled.jpg","contentUrl":"https:\/\/www.kein-alter-hut.de\/wp-content\/uploads\/2024\/10\/DSC00565-scaled.jpg","width":2560,"height":1920},{"@type":"BreadcrumbList","@id":"https:\/\/www.kein-alter-hut.de\/index.php\/2024\/10\/23\/der-konflikt-tobt-zwischen-oben-und-unten-nicht-zwischen-einheimischen-und-zuwanderern\/#breadcrumb","itemListElement":[{"@type":"ListItem","position":1,"name":"Startseite","item":"https:\/\/www.kein-alter-hut.de\/"},{"@type":"ListItem","position":2,"name":"&#8222;Der Konflikt tobt zwischen oben und unten &#8211; nicht zwischen Einheimischen und Zuwanderern!&#8220;"}]},{"@type":"WebSite","@id":"https:\/\/www.kein-alter-hut.de\/#website","url":"https:\/\/www.kein-alter-hut.de\/","name":"Sven Meyer MdA","description":"Sven Meyer - Ihr Abgeordneter f\u00fcr Wittenau, Waidmannslust, Borsigwalde und Tegel","potentialAction":[{"@type":"SearchAction","target":{"@type":"EntryPoint","urlTemplate":"https:\/\/www.kein-alter-hut.de\/?s={search_term_string}"},"query-input":{"@type":"PropertyValueSpecification","valueRequired":true,"valueName":"search_term_string"}}],"inLanguage":"de"},{"@type":"Person","@id":"https:\/\/www.kein-alter-hut.de\/#\/schema\/person\/0e854002ba9ffda5baf08e0f9af0ce1c","name":"admin","image":{"@type":"ImageObject","inLanguage":"de","@id":"https:\/\/secure.gravatar.com\/avatar\/c46849f5dee5060ebc9f63f2434fb89c496cdde2d971d8684cb05ccf66e9936c?s=96&d=mm&r=g","url":"https:\/\/secure.gravatar.com\/avatar\/c46849f5dee5060ebc9f63f2434fb89c496cdde2d971d8684cb05ccf66e9936c?s=96&d=mm&r=g","contentUrl":"https:\/\/secure.gravatar.com\/avatar\/c46849f5dee5060ebc9f63f2434fb89c496cdde2d971d8684cb05ccf66e9936c?s=96&d=mm&r=g","caption":"admin"},"sameAs":["https:\/\/www.kein-alter-hut.de"],"url":"https:\/\/www.kein-alter-hut.de\/index.php\/author\/sven\/"}]}},"_links":{"self":[{"href":"https:\/\/www.kein-alter-hut.de\/index.php\/wp-json\/wp\/v2\/posts\/2565","targetHints":{"allow":["GET"]}}],"collection":[{"href":"https:\/\/www.kein-alter-hut.de\/index.php\/wp-json\/wp\/v2\/posts"}],"about":[{"href":"https:\/\/www.kein-alter-hut.de\/index.php\/wp-json\/wp\/v2\/types\/post"}],"author":[{"embeddable":true,"href":"https:\/\/www.kein-alter-hut.de\/index.php\/wp-json\/wp\/v2\/users\/1"}],"replies":[{"embeddable":true,"href":"https:\/\/www.kein-alter-hut.de\/index.php\/wp-json\/wp\/v2\/comments?post=2565"}],"version-history":[{"count":2,"href":"https:\/\/www.kein-alter-hut.de\/index.php\/wp-json\/wp\/v2\/posts\/2565\/revisions"}],"predecessor-version":[{"id":2571,"href":"https:\/\/www.kein-alter-hut.de\/index.php\/wp-json\/wp\/v2\/posts\/2565\/revisions\/2571"}],"wp:featuredmedia":[{"embeddable":true,"href":"https:\/\/www.kein-alter-hut.de\/index.php\/wp-json\/wp\/v2\/media\/2569"}],"wp:attachment":[{"href":"https:\/\/www.kein-alter-hut.de\/index.php\/wp-json\/wp\/v2\/media?parent=2565"}],"wp:term":[{"taxonomy":"category","embeddable":true,"href":"https:\/\/www.kein-alter-hut.de\/index.php\/wp-json\/wp\/v2\/categories?post=2565"},{"taxonomy":"post_tag","embeddable":true,"href":"https:\/\/www.kein-alter-hut.de\/index.php\/wp-json\/wp\/v2\/tags?post=2565"}],"curies":[{"name":"wp","href":"https:\/\/api.w.org\/{rel}","templated":true}]}}