{"id":638,"date":"2023-03-20T11:01:39","date_gmt":"2023-03-20T11:01:39","guid":{"rendered":"https:\/\/www.kein-alter-hut.de\/?p=638"},"modified":"2023-03-20T12:01:55","modified_gmt":"2023-03-20T12:01:55","slug":"refugium-die-neue-ausstellung-von-nora-sturm","status":"publish","type":"post","link":"https:\/\/www.kein-alter-hut.de\/index.php\/2023\/03\/20\/refugium-die-neue-ausstellung-von-nora-sturm\/","title":{"rendered":"&#8222;Refugium&#8220; &#8211; die neue Ausstellung von Nora Sturm"},"content":{"rendered":"\n<p style=\"font-size:18px\"><em><strong>Re\u00b7fu\u00b7gi\u00b7um<\/strong>: sicherer Ort, an dem jemand seine Zuflucht findet, an den er sich zur\u00fcckziehen kann, um ungest\u00f6rt zu sein; Zufluchtsort, -st\u00e4tte<\/em><\/p>\n\n\n\n<p>Nach l\u00e4ngerer Absenz wird Nora Sturm eine Auswahl ihrer neuen Werke dem Publikum zeigen. Wir freuen uns au\u00dferordentlich dar\u00fcber, dass sie unsere Ausstellungsr\u00e4ume f\u00fcr die Pr\u00e4sentation gew\u00e4hlt hat. Die Vernissage am <\/p>\n\n\n\n<p class=\"has-text-align-center has-medium-font-size\"><strong><a href=\"https:\/\/www.google.de\/maps\/place\/Gru%C3%9Fdorfstra%C3%9Fe+16,+13507+Berlin\/@52.5886881,13.2888239,18z\/data=!4m6!3m5!1s0x47a8546811c2af63:0x6f5ed456961fa9cb!8m2!3d52.588574!4d13.2864984!16s%2Fg%2F11c5mbrnj5\" target=\"_blank\" rel=\"noreferrer noopener\">Samstag, den 25.M\u00e4rz 2023 um 19 Uhr<br>B\u00fcrgerb\u00fcro Sven Meyer, MdA<br>Gru\u00dfdorfstr. 16 in 13507 Berlin<\/a><\/strong><\/p>\n\n\n\n<p>spricht Menschen an, die bereits mit Noras Werk vertraut sind, genau wie diejenigen, die sie erst noch entdecken wollen. Begegnen Sie einer faszinierenden K\u00fcnstlerin und ihren eindrucksvollen Arbeiten im Rahmen eines inspirierenden Abends.<\/p>\n\n\n\n<p>Die Ausstellung steht den Besucher:innen danach bis Juni zu unseren <a href=\"https:\/\/www.kein-alter-hut.de\/index.php\/buergerbuero\/\" target=\"_blank\" rel=\"noreferrer noopener\">B\u00fcrozeiten <\/a>offen.<\/p>\n","protected":false},"excerpt":{"rendered":"<p>Re\u00b7fu\u00b7gi\u00b7um: sicherer Ort, an dem jemand seine Zuflucht findet, an den er sich zur\u00fcckziehen kann, um ungest\u00f6rt zu sein; Zufluchtsort, -st\u00e4tte Nach l\u00e4ngerer Absenz wird Nora Sturm eine Auswahl ihrer neuen Werke dem Publikum&#46;&#46;&#46;<\/p>\n","protected":false},"author":1,"featured_media":642,"comment_status":"open","ping_status":"closed","sticky":false,"template":"","format":"standard","meta":{"footnotes":""},"categories":[4],"tags":[],"class_list":["post-638","post","type-post","status-publish","format-standard","has-post-thumbnail","hentry","category-allgemein"],"yoast_head":"<!-- This site is optimized with the Yoast SEO plugin v27.5 - https:\/\/yoast.com\/product\/yoast-seo-wordpress\/ -->\n<title>&quot;Refugium&quot; - die neue Ausstellung von Nora Sturm - Sven Meyer MdA<\/title>\n<meta name=\"robots\" content=\"index, follow, max-snippet:-1, max-image-preview:large, max-video-preview:-1\" \/>\n<link rel=\"canonical\" href=\"https:\/\/www.kein-alter-hut.de\/index.php\/2023\/03\/20\/refugium-die-neue-ausstellung-von-nora-sturm\/\" \/>\n<meta property=\"og:locale\" content=\"de_DE\" \/>\n<meta property=\"og:type\" content=\"article\" \/>\n<meta property=\"og:title\" content=\"&quot;Refugium&quot; - die neue Ausstellung von Nora Sturm - Sven Meyer MdA\" \/>\n<meta property=\"og:description\" content=\"Re\u00b7fu\u00b7gi\u00b7um: sicherer Ort, an dem jemand seine Zuflucht findet, an den er sich zur\u00fcckziehen kann, um ungest\u00f6rt zu sein; Zufluchtsort, -st\u00e4tte Nach l\u00e4ngerer Absenz wird Nora Sturm eine Auswahl ihrer neuen Werke dem Publikum&#046;&#046;&#046;\" \/>\n<meta property=\"og:url\" content=\"https:\/\/www.kein-alter-hut.de\/index.php\/2023\/03\/20\/refugium-die-neue-ausstellung-von-nora-sturm\/\" \/>\n<meta property=\"og:site_name\" content=\"Sven Meyer MdA\" \/>\n<meta property=\"article:publisher\" content=\"https:\/\/www.facebook.com\/SvenMeyerReinickendorf\/\" \/>\n<meta property=\"article:published_time\" content=\"2023-03-20T11:01:39+00:00\" \/>\n<meta property=\"article:modified_time\" content=\"2023-03-20T12:01:55+00:00\" \/>\n<meta property=\"og:image\" content=\"https:\/\/www.kein-alter-hut.de\/wp-content\/uploads\/2023\/03\/335881217_515261220564231_3741143703433097791_n.jpg\" \/>\n\t<meta property=\"og:image:width\" content=\"2048\" \/>\n\t<meta property=\"og:image:height\" content=\"1642\" \/>\n\t<meta property=\"og:image:type\" content=\"image\/jpeg\" \/>\n<meta name=\"author\" content=\"admin\" \/>\n<meta name=\"twitter:card\" content=\"summary_large_image\" \/>\n<meta name=\"twitter:label1\" content=\"Verfasst von\" \/>\n\t<meta name=\"twitter:data1\" content=\"admin\" \/>\n\t<meta name=\"twitter:label2\" content=\"Gesch\u00e4tzte Lesezeit\" \/>\n\t<meta name=\"twitter:data2\" content=\"1\u00a0Minute\" \/>\n<script type=\"application\/ld+json\" class=\"yoast-schema-graph\">{\"@context\":\"https:\\\/\\\/schema.org\",\"@graph\":[{\"@type\":\"Article\",\"@id\":\"https:\\\/\\\/www.kein-alter-hut.de\\\/index.php\\\/2023\\\/03\\\/20\\\/refugium-die-neue-ausstellung-von-nora-sturm\\\/#article\",\"isPartOf\":{\"@id\":\"https:\\\/\\\/www.kein-alter-hut.de\\\/index.php\\\/2023\\\/03\\\/20\\\/refugium-die-neue-ausstellung-von-nora-sturm\\\/\"},\"author\":{\"name\":\"admin\",\"@id\":\"https:\\\/\\\/www.kein-alter-hut.de\\\/#\\\/schema\\\/person\\\/0e854002ba9ffda5baf08e0f9af0ce1c\"},\"headline\":\"&#8222;Refugium&#8220; &#8211; die neue Ausstellung von Nora Sturm\",\"datePublished\":\"2023-03-20T11:01:39+00:00\",\"dateModified\":\"2023-03-20T12:01:55+00:00\",\"mainEntityOfPage\":{\"@id\":\"https:\\\/\\\/www.kein-alter-hut.de\\\/index.php\\\/2023\\\/03\\\/20\\\/refugium-die-neue-ausstellung-von-nora-sturm\\\/\"},\"wordCount\":135,\"commentCount\":0,\"image\":{\"@id\":\"https:\\\/\\\/www.kein-alter-hut.de\\\/index.php\\\/2023\\\/03\\\/20\\\/refugium-die-neue-ausstellung-von-nora-sturm\\\/#primaryimage\"},\"thumbnailUrl\":\"https:\\\/\\\/www.kein-alter-hut.de\\\/wp-content\\\/uploads\\\/2023\\\/03\\\/335881217_515261220564231_3741143703433097791_n.jpg\",\"inLanguage\":\"de\",\"potentialAction\":[{\"@type\":\"CommentAction\",\"name\":\"Comment\",\"target\":[\"https:\\\/\\\/www.kein-alter-hut.de\\\/index.php\\\/2023\\\/03\\\/20\\\/refugium-die-neue-ausstellung-von-nora-sturm\\\/#respond\"]}]},{\"@type\":\"WebPage\",\"@id\":\"https:\\\/\\\/www.kein-alter-hut.de\\\/index.php\\\/2023\\\/03\\\/20\\\/refugium-die-neue-ausstellung-von-nora-sturm\\\/\",\"url\":\"https:\\\/\\\/www.kein-alter-hut.de\\\/index.php\\\/2023\\\/03\\\/20\\\/refugium-die-neue-ausstellung-von-nora-sturm\\\/\",\"name\":\"\\\"Refugium\\\" - die neue Ausstellung von Nora Sturm - Sven Meyer MdA\",\"isPartOf\":{\"@id\":\"https:\\\/\\\/www.kein-alter-hut.de\\\/#website\"},\"primaryImageOfPage\":{\"@id\":\"https:\\\/\\\/www.kein-alter-hut.de\\\/index.php\\\/2023\\\/03\\\/20\\\/refugium-die-neue-ausstellung-von-nora-sturm\\\/#primaryimage\"},\"image\":{\"@id\":\"https:\\\/\\\/www.kein-alter-hut.de\\\/index.php\\\/2023\\\/03\\\/20\\\/refugium-die-neue-ausstellung-von-nora-sturm\\\/#primaryimage\"},\"thumbnailUrl\":\"https:\\\/\\\/www.kein-alter-hut.de\\\/wp-content\\\/uploads\\\/2023\\\/03\\\/335881217_515261220564231_3741143703433097791_n.jpg\",\"datePublished\":\"2023-03-20T11:01:39+00:00\",\"dateModified\":\"2023-03-20T12:01:55+00:00\",\"author\":{\"@id\":\"https:\\\/\\\/www.kein-alter-hut.de\\\/#\\\/schema\\\/person\\\/0e854002ba9ffda5baf08e0f9af0ce1c\"},\"breadcrumb\":{\"@id\":\"https:\\\/\\\/www.kein-alter-hut.de\\\/index.php\\\/2023\\\/03\\\/20\\\/refugium-die-neue-ausstellung-von-nora-sturm\\\/#breadcrumb\"},\"inLanguage\":\"de\",\"potentialAction\":[{\"@type\":\"ReadAction\",\"target\":[\"https:\\\/\\\/www.kein-alter-hut.de\\\/index.php\\\/2023\\\/03\\\/20\\\/refugium-die-neue-ausstellung-von-nora-sturm\\\/\"]}]},{\"@type\":\"ImageObject\",\"inLanguage\":\"de\",\"@id\":\"https:\\\/\\\/www.kein-alter-hut.de\\\/index.php\\\/2023\\\/03\\\/20\\\/refugium-die-neue-ausstellung-von-nora-sturm\\\/#primaryimage\",\"url\":\"https:\\\/\\\/www.kein-alter-hut.de\\\/wp-content\\\/uploads\\\/2023\\\/03\\\/335881217_515261220564231_3741143703433097791_n.jpg\",\"contentUrl\":\"https:\\\/\\\/www.kein-alter-hut.de\\\/wp-content\\\/uploads\\\/2023\\\/03\\\/335881217_515261220564231_3741143703433097791_n.jpg\",\"width\":2048,\"height\":1642},{\"@type\":\"BreadcrumbList\",\"@id\":\"https:\\\/\\\/www.kein-alter-hut.de\\\/index.php\\\/2023\\\/03\\\/20\\\/refugium-die-neue-ausstellung-von-nora-sturm\\\/#breadcrumb\",\"itemListElement\":[{\"@type\":\"ListItem\",\"position\":1,\"name\":\"Startseite\",\"item\":\"https:\\\/\\\/www.kein-alter-hut.de\\\/\"},{\"@type\":\"ListItem\",\"position\":2,\"name\":\"&#8222;Refugium&#8220; &#8211; die neue Ausstellung von Nora Sturm\"}]},{\"@type\":\"WebSite\",\"@id\":\"https:\\\/\\\/www.kein-alter-hut.de\\\/#website\",\"url\":\"https:\\\/\\\/www.kein-alter-hut.de\\\/\",\"name\":\"Sven Meyer MdA\",\"description\":\"Sven Meyer - Ihr Abgeordneter f\u00fcr Wittenau, Waidmannslust, Borsigwalde und Tegel\",\"potentialAction\":[{\"@type\":\"SearchAction\",\"target\":{\"@type\":\"EntryPoint\",\"urlTemplate\":\"https:\\\/\\\/www.kein-alter-hut.de\\\/?s={search_term_string}\"},\"query-input\":{\"@type\":\"PropertyValueSpecification\",\"valueRequired\":true,\"valueName\":\"search_term_string\"}}],\"inLanguage\":\"de\"},{\"@type\":\"Person\",\"@id\":\"https:\\\/\\\/www.kein-alter-hut.de\\\/#\\\/schema\\\/person\\\/0e854002ba9ffda5baf08e0f9af0ce1c\",\"name\":\"admin\",\"image\":{\"@type\":\"ImageObject\",\"inLanguage\":\"de\",\"@id\":\"https:\\\/\\\/secure.gravatar.com\\\/avatar\\\/c46849f5dee5060ebc9f63f2434fb89c496cdde2d971d8684cb05ccf66e9936c?s=96&d=mm&r=g\",\"url\":\"https:\\\/\\\/secure.gravatar.com\\\/avatar\\\/c46849f5dee5060ebc9f63f2434fb89c496cdde2d971d8684cb05ccf66e9936c?s=96&d=mm&r=g\",\"contentUrl\":\"https:\\\/\\\/secure.gravatar.com\\\/avatar\\\/c46849f5dee5060ebc9f63f2434fb89c496cdde2d971d8684cb05ccf66e9936c?s=96&d=mm&r=g\",\"caption\":\"admin\"},\"sameAs\":[\"https:\\\/\\\/www.kein-alter-hut.de\"],\"url\":\"https:\\\/\\\/www.kein-alter-hut.de\\\/index.php\\\/author\\\/sven\\\/\"}]}<\/script>\n<!-- \/ Yoast SEO plugin. -->","yoast_head_json":{"title":"\"Refugium\" - die neue Ausstellung von Nora Sturm - Sven Meyer MdA","robots":{"index":"index","follow":"follow","max-snippet":"max-snippet:-1","max-image-preview":"max-image-preview:large","max-video-preview":"max-video-preview:-1"},"canonical":"https:\/\/www.kein-alter-hut.de\/index.php\/2023\/03\/20\/refugium-die-neue-ausstellung-von-nora-sturm\/","og_locale":"de_DE","og_type":"article","og_title":"\"Refugium\" - die neue Ausstellung von Nora Sturm - Sven Meyer MdA","og_description":"Re\u00b7fu\u00b7gi\u00b7um: sicherer Ort, an dem jemand seine Zuflucht findet, an den er sich zur\u00fcckziehen kann, um ungest\u00f6rt zu sein; Zufluchtsort, -st\u00e4tte Nach l\u00e4ngerer Absenz wird Nora Sturm eine Auswahl ihrer neuen Werke dem Publikum&#46;&#46;&#46;","og_url":"https:\/\/www.kein-alter-hut.de\/index.php\/2023\/03\/20\/refugium-die-neue-ausstellung-von-nora-sturm\/","og_site_name":"Sven Meyer MdA","article_publisher":"https:\/\/www.facebook.com\/SvenMeyerReinickendorf\/","article_published_time":"2023-03-20T11:01:39+00:00","article_modified_time":"2023-03-20T12:01:55+00:00","og_image":[{"width":2048,"height":1642,"url":"https:\/\/www.kein-alter-hut.de\/wp-content\/uploads\/2023\/03\/335881217_515261220564231_3741143703433097791_n.jpg","type":"image\/jpeg"}],"author":"admin","twitter_card":"summary_large_image","twitter_misc":{"Verfasst von":"admin","Gesch\u00e4tzte Lesezeit":"1\u00a0Minute"},"schema":{"@context":"https:\/\/schema.org","@graph":[{"@type":"Article","@id":"https:\/\/www.kein-alter-hut.de\/index.php\/2023\/03\/20\/refugium-die-neue-ausstellung-von-nora-sturm\/#article","isPartOf":{"@id":"https:\/\/www.kein-alter-hut.de\/index.php\/2023\/03\/20\/refugium-die-neue-ausstellung-von-nora-sturm\/"},"author":{"name":"admin","@id":"https:\/\/www.kein-alter-hut.de\/#\/schema\/person\/0e854002ba9ffda5baf08e0f9af0ce1c"},"headline":"&#8222;Refugium&#8220; &#8211; die neue Ausstellung von Nora Sturm","datePublished":"2023-03-20T11:01:39+00:00","dateModified":"2023-03-20T12:01:55+00:00","mainEntityOfPage":{"@id":"https:\/\/www.kein-alter-hut.de\/index.php\/2023\/03\/20\/refugium-die-neue-ausstellung-von-nora-sturm\/"},"wordCount":135,"commentCount":0,"image":{"@id":"https:\/\/www.kein-alter-hut.de\/index.php\/2023\/03\/20\/refugium-die-neue-ausstellung-von-nora-sturm\/#primaryimage"},"thumbnailUrl":"https:\/\/www.kein-alter-hut.de\/wp-content\/uploads\/2023\/03\/335881217_515261220564231_3741143703433097791_n.jpg","inLanguage":"de","potentialAction":[{"@type":"CommentAction","name":"Comment","target":["https:\/\/www.kein-alter-hut.de\/index.php\/2023\/03\/20\/refugium-die-neue-ausstellung-von-nora-sturm\/#respond"]}]},{"@type":"WebPage","@id":"https:\/\/www.kein-alter-hut.de\/index.php\/2023\/03\/20\/refugium-die-neue-ausstellung-von-nora-sturm\/","url":"https:\/\/www.kein-alter-hut.de\/index.php\/2023\/03\/20\/refugium-die-neue-ausstellung-von-nora-sturm\/","name":"\"Refugium\" - die neue Ausstellung von Nora Sturm - Sven Meyer MdA","isPartOf":{"@id":"https:\/\/www.kein-alter-hut.de\/#website"},"primaryImageOfPage":{"@id":"https:\/\/www.kein-alter-hut.de\/index.php\/2023\/03\/20\/refugium-die-neue-ausstellung-von-nora-sturm\/#primaryimage"},"image":{"@id":"https:\/\/www.kein-alter-hut.de\/index.php\/2023\/03\/20\/refugium-die-neue-ausstellung-von-nora-sturm\/#primaryimage"},"thumbnailUrl":"https:\/\/www.kein-alter-hut.de\/wp-content\/uploads\/2023\/03\/335881217_515261220564231_3741143703433097791_n.jpg","datePublished":"2023-03-20T11:01:39+00:00","dateModified":"2023-03-20T12:01:55+00:00","author":{"@id":"https:\/\/www.kein-alter-hut.de\/#\/schema\/person\/0e854002ba9ffda5baf08e0f9af0ce1c"},"breadcrumb":{"@id":"https:\/\/www.kein-alter-hut.de\/index.php\/2023\/03\/20\/refugium-die-neue-ausstellung-von-nora-sturm\/#breadcrumb"},"inLanguage":"de","potentialAction":[{"@type":"ReadAction","target":["https:\/\/www.kein-alter-hut.de\/index.php\/2023\/03\/20\/refugium-die-neue-ausstellung-von-nora-sturm\/"]}]},{"@type":"ImageObject","inLanguage":"de","@id":"https:\/\/www.kein-alter-hut.de\/index.php\/2023\/03\/20\/refugium-die-neue-ausstellung-von-nora-sturm\/#primaryimage","url":"https:\/\/www.kein-alter-hut.de\/wp-content\/uploads\/2023\/03\/335881217_515261220564231_3741143703433097791_n.jpg","contentUrl":"https:\/\/www.kein-alter-hut.de\/wp-content\/uploads\/2023\/03\/335881217_515261220564231_3741143703433097791_n.jpg","width":2048,"height":1642},{"@type":"BreadcrumbList","@id":"https:\/\/www.kein-alter-hut.de\/index.php\/2023\/03\/20\/refugium-die-neue-ausstellung-von-nora-sturm\/#breadcrumb","itemListElement":[{"@type":"ListItem","position":1,"name":"Startseite","item":"https:\/\/www.kein-alter-hut.de\/"},{"@type":"ListItem","position":2,"name":"&#8222;Refugium&#8220; &#8211; die neue Ausstellung von Nora Sturm"}]},{"@type":"WebSite","@id":"https:\/\/www.kein-alter-hut.de\/#website","url":"https:\/\/www.kein-alter-hut.de\/","name":"Sven Meyer MdA","description":"Sven Meyer - Ihr Abgeordneter f\u00fcr Wittenau, Waidmannslust, Borsigwalde und Tegel","potentialAction":[{"@type":"SearchAction","target":{"@type":"EntryPoint","urlTemplate":"https:\/\/www.kein-alter-hut.de\/?s={search_term_string}"},"query-input":{"@type":"PropertyValueSpecification","valueRequired":true,"valueName":"search_term_string"}}],"inLanguage":"de"},{"@type":"Person","@id":"https:\/\/www.kein-alter-hut.de\/#\/schema\/person\/0e854002ba9ffda5baf08e0f9af0ce1c","name":"admin","image":{"@type":"ImageObject","inLanguage":"de","@id":"https:\/\/secure.gravatar.com\/avatar\/c46849f5dee5060ebc9f63f2434fb89c496cdde2d971d8684cb05ccf66e9936c?s=96&d=mm&r=g","url":"https:\/\/secure.gravatar.com\/avatar\/c46849f5dee5060ebc9f63f2434fb89c496cdde2d971d8684cb05ccf66e9936c?s=96&d=mm&r=g","contentUrl":"https:\/\/secure.gravatar.com\/avatar\/c46849f5dee5060ebc9f63f2434fb89c496cdde2d971d8684cb05ccf66e9936c?s=96&d=mm&r=g","caption":"admin"},"sameAs":["https:\/\/www.kein-alter-hut.de"],"url":"https:\/\/www.kein-alter-hut.de\/index.php\/author\/sven\/"}]}},"_links":{"self":[{"href":"https:\/\/www.kein-alter-hut.de\/index.php\/wp-json\/wp\/v2\/posts\/638","targetHints":{"allow":["GET"]}}],"collection":[{"href":"https:\/\/www.kein-alter-hut.de\/index.php\/wp-json\/wp\/v2\/posts"}],"about":[{"href":"https:\/\/www.kein-alter-hut.de\/index.php\/wp-json\/wp\/v2\/types\/post"}],"author":[{"embeddable":true,"href":"https:\/\/www.kein-alter-hut.de\/index.php\/wp-json\/wp\/v2\/users\/1"}],"replies":[{"embeddable":true,"href":"https:\/\/www.kein-alter-hut.de\/index.php\/wp-json\/wp\/v2\/comments?post=638"}],"version-history":[{"count":8,"href":"https:\/\/www.kein-alter-hut.de\/index.php\/wp-json\/wp\/v2\/posts\/638\/revisions"}],"predecessor-version":[{"id":655,"href":"https:\/\/www.kein-alter-hut.de\/index.php\/wp-json\/wp\/v2\/posts\/638\/revisions\/655"}],"wp:featuredmedia":[{"embeddable":true,"href":"https:\/\/www.kein-alter-hut.de\/index.php\/wp-json\/wp\/v2\/media\/642"}],"wp:attachment":[{"href":"https:\/\/www.kein-alter-hut.de\/index.php\/wp-json\/wp\/v2\/media?parent=638"}],"wp:term":[{"taxonomy":"category","embeddable":true,"href":"https:\/\/www.kein-alter-hut.de\/index.php\/wp-json\/wp\/v2\/categories?post=638"},{"taxonomy":"post_tag","embeddable":true,"href":"https:\/\/www.kein-alter-hut.de\/index.php\/wp-json\/wp\/v2\/tags?post=638"}],"curies":[{"name":"wp","href":"https:\/\/api.w.org\/{rel}","templated":true}]}}